{"id":2588,"date":"2022-05-12T07:46:24","date_gmt":"2022-05-12T05:46:24","guid":{"rendered":"https:\/\/puertosecodeantequera.fr\/?p=1705"},"modified":"2024-09-03T15:03:38","modified_gmt":"2024-09-03T13:03:38","slug":"laying-of-the-foundation-stone-of-the-puerto-seco-antequera-construction-site","status":"publish","type":"post","link":"https:\/\/groupeidec-international.com\/en\/laying-of-the-foundation-stone-of-the-puerto-seco-antequera-construction-site\/","title":{"rendered":"LAYING OF THE FOUNDATION STONE OF THE PUERTO SECO ANTEQUERA CONSTRUCTION SITE"},"content":{"rendered":"<p><strong>[GROUNDBREAKING]<\/strong> \ud83d\udc77Marifr\u00e1n Carazo, Minister of Development, Infrastructure and Land Use of the Junta de Andaluc\u00eda, Manuel Bar\u00f3n, the Mayor of Antequera, Patrice LAFARGUE, the President of the GROUPE IDEC, Domigo Torres, President of PSA and the Director Gerente Red Logistica of the Junta de Andalucia, Onofre Sanchez laid the first stone of the construction site of Puerto Seco Antequera.<\/p>\n<p>This new substation will provide electricity to the first phase of the logistics area of postive-energy in Antequera, with an investment of 4.8 million euros.<\/p>\n<p>GROUPE IDEC INTERNATIONAL is developing a new industrial and logistics zone in southern Spain. This first XXL positive energy park in Europe benefits from an ideal location at the crossroads of all continents and direct access to the largest transport networks.<\/p>\n<p>&gt;&gt;&gt; \ud83d\udcf0The press is talking about us<\/p>\n<p>Discover the article of <a href=\"https:\/\/www.diariosur.es\/malaga\/puerto-seco-antequera-malaga-foro-logistica-andalucia-20220422141708-nt.html?ref=https%3A%2F%2Fwww.diariosur.es%2Fmalaga%2Fpuerto-seco-antequera-malaga-foro-logistica-andalucia-20220422141708-nt.html\">Diario SUR.<\/a><\/p>\n","protected":false},"excerpt":{"rendered":"<p>[GROUNDBREAKING] \ud83d\udc77Marifr\u00e1n Carazo, Minister of Development, Infrastructure and Land Use of the Junta de Andaluc\u00eda, Manuel Bar\u00f3n, the Mayor of Antequera, Patrice LAFARGUE, the President of the GROUPE IDEC, Domigo&#8230;<\/p>\n","protected":false},"author":1,"featured_media":2556,"comment_status":"closed","ping_status":"closed","sticky":false,"template":"","format":"standard","meta":{"footnotes":""},"categories":[37],"tags":[46],"class_list":{"0":"post-2588","1":"post","2":"type-post","3":"status-publish","4":"format-standard","5":"has-post-thumbnail","7":"category-planning","8":"tag-spain"},"yoast_head":"<!-- This site is optimized with the Yoast SEO plugin v27.2 - https:\/\/yoast.com\/product\/yoast-seo-wordpress\/ -->\n<title>LAYING OF THE FOUNDATION STONE OF THE PUERTO SECO ANTEQUERA CONSTRUCTION SITE - GROUPE IDEC INTERNATIONAL<\/title>\n<meta name=\"robots\" content=\"index, follow, max-snippet:-1, max-image-preview:large, max-video-preview:-1\" \/>\n<link rel=\"canonical\" href=\"https:\/\/groupeidec-international.com\/en\/laying-of-the-foundation-stone-of-the-puerto-seco-antequera-construction-site\/\" \/>\n<meta property=\"og:locale\" content=\"en_US\" \/>\n<meta property=\"og:type\" content=\"article\" \/>\n<meta property=\"og:title\" content=\"LAYING OF THE FOUNDATION STONE OF THE PUERTO SECO ANTEQUERA CONSTRUCTION SITE - GROUPE IDEC INTERNATIONAL\" \/>\n<meta property=\"og:description\" content=\"[GROUNDBREAKING] \ud83d\udc77Marifr\u00e1n Carazo, Minister of Development, Infrastructure and Land Use of the Junta de Andaluc\u00eda, Manuel Bar\u00f3n, the Mayor of Antequera, Patrice LAFARGUE, the President of the GROUPE IDEC, Domigo...\" \/>\n<meta property=\"og:url\" content=\"https:\/\/groupeidec-international.com\/en\/laying-of-the-foundation-stone-of-the-puerto-seco-antequera-construction-site\/\" \/>\n<meta property=\"og:site_name\" content=\"GROUPE IDEC INTERNATIONAL\" \/>\n<meta property=\"article:published_time\" content=\"2022-05-12T05:46:24+00:00\" \/>\n<meta property=\"article:modified_time\" content=\"2024-09-03T13:03:38+00:00\" \/>\n<meta property=\"og:image\" content=\"https:\/\/groupeidec-international.com\/wp-content\/uploads\/2022\/04\/2204-PSA3.jpg\" \/>\n\t<meta property=\"og:image:width\" content=\"2016\" \/>\n\t<meta property=\"og:image:height\" content=\"1512\" \/>\n\t<meta property=\"og:image:type\" content=\"image\/jpeg\" \/>\n<meta name=\"author\" content=\"J-Michel\" \/>\n<meta name=\"twitter:card\" content=\"summary_large_image\" \/>\n<meta name=\"twitter:label1\" content=\"Written by\" \/>\n\t<meta name=\"twitter:data1\" content=\"J-Michel\" \/>\n\t<meta name=\"twitter:label2\" content=\"Est. reading time\" \/>\n\t<meta name=\"twitter:data2\" content=\"1 minute\" \/>\n<script type=\"application\/ld+json\" class=\"yoast-schema-graph\">{\"@context\":\"https:\/\/schema.org\",\"@graph\":[{\"@type\":\"Article\",\"@id\":\"https:\/\/groupeidec-international.com\/en\/laying-of-the-foundation-stone-of-the-puerto-seco-antequera-construction-site\/#article\",\"isPartOf\":{\"@id\":\"https:\/\/groupeidec-international.com\/en\/laying-of-the-foundation-stone-of-the-puerto-seco-antequera-construction-site\/\"},\"author\":{\"name\":\"J-Michel\",\"@id\":\"https:\/\/groupeidec-international.com\/en\/#\/schema\/person\/e9849822abbb269a7c4fc8673199c49d\"},\"headline\":\"LAYING OF THE FOUNDATION STONE OF THE PUERTO SECO ANTEQUERA CONSTRUCTION SITE\",\"datePublished\":\"2022-05-12T05:46:24+00:00\",\"dateModified\":\"2024-09-03T13:03:38+00:00\",\"mainEntityOfPage\":{\"@id\":\"https:\/\/groupeidec-international.com\/en\/laying-of-the-foundation-stone-of-the-puerto-seco-antequera-construction-site\/\"},\"wordCount\":154,\"publisher\":{\"@id\":\"https:\/\/groupeidec-international.com\/en\/#organization\"},\"image\":{\"@id\":\"https:\/\/groupeidec-international.com\/en\/laying-of-the-foundation-stone-of-the-puerto-seco-antequera-construction-site\/#primaryimage\"},\"thumbnailUrl\":\"https:\/\/groupeidec-international.com\/wp-content\/uploads\/2022\/04\/2204-PSA3.jpg\",\"keywords\":[\"Spain\"],\"articleSection\":[\"Planning\"],\"inLanguage\":\"en-US\"},{\"@type\":\"WebPage\",\"@id\":\"https:\/\/groupeidec-international.com\/en\/laying-of-the-foundation-stone-of-the-puerto-seco-antequera-construction-site\/\",\"url\":\"https:\/\/groupeidec-international.com\/en\/laying-of-the-foundation-stone-of-the-puerto-seco-antequera-construction-site\/\",\"name\":\"LAYING OF THE FOUNDATION STONE OF THE PUERTO SECO ANTEQUERA CONSTRUCTION SITE - GROUPE IDEC INTERNATIONAL\",\"isPartOf\":{\"@id\":\"https:\/\/groupeidec-international.com\/en\/#website\"},\"primaryImageOfPage\":{\"@id\":\"https:\/\/groupeidec-international.com\/en\/laying-of-the-foundation-stone-of-the-puerto-seco-antequera-construction-site\/#primaryimage\"},\"image\":{\"@id\":\"https:\/\/groupeidec-international.com\/en\/laying-of-the-foundation-stone-of-the-puerto-seco-antequera-construction-site\/#primaryimage\"},\"thumbnailUrl\":\"https:\/\/groupeidec-international.com\/wp-content\/uploads\/2022\/04\/2204-PSA3.jpg\",\"datePublished\":\"2022-05-12T05:46:24+00:00\",\"dateModified\":\"2024-09-03T13:03:38+00:00\",\"breadcrumb\":{\"@id\":\"https:\/\/groupeidec-international.com\/en\/laying-of-the-foundation-stone-of-the-puerto-seco-antequera-construction-site\/#breadcrumb\"},\"inLanguage\":\"en-US\",\"potentialAction\":[{\"@type\":\"ReadAction\",\"target\":[\"https:\/\/groupeidec-international.com\/en\/laying-of-the-foundation-stone-of-the-puerto-seco-antequera-construction-site\/\"]}]},{\"@type\":\"ImageObject\",\"inLanguage\":\"en-US\",\"@id\":\"https:\/\/groupeidec-international.com\/en\/laying-of-the-foundation-stone-of-the-puerto-seco-antequera-construction-site\/#primaryimage\",\"url\":\"https:\/\/groupeidec-international.com\/wp-content\/uploads\/2022\/04\/2204-PSA3.jpg\",\"contentUrl\":\"https:\/\/groupeidec-international.com\/wp-content\/uploads\/2022\/04\/2204-PSA3.jpg\",\"width\":2016,\"height\":1512},{\"@type\":\"BreadcrumbList\",\"@id\":\"https:\/\/groupeidec-international.com\/en\/laying-of-the-foundation-stone-of-the-puerto-seco-antequera-construction-site\/#breadcrumb\",\"itemListElement\":[{\"@type\":\"ListItem\",\"position\":1,\"name\":\"Homepage\",\"item\":\"https:\/\/groupeidec-international.com\/en\/\"},{\"@type\":\"ListItem\",\"position\":2,\"name\":\"Planning\",\"item\":\"https:\/\/groupeidec-international.com\/en\/category\/planning\/\"},{\"@type\":\"ListItem\",\"position\":3,\"name\":\"LAYING OF THE FOUNDATION STONE OF THE PUERTO SECO ANTEQUERA CONSTRUCTION SITE\"}]},{\"@type\":\"WebSite\",\"@id\":\"https:\/\/groupeidec-international.com\/en\/#website\",\"url\":\"https:\/\/groupeidec-international.com\/en\/\",\"name\":\"GROUPE IDEC INTERNATIONAL\",\"description\":\"\",\"publisher\":{\"@id\":\"https:\/\/groupeidec-international.com\/en\/#organization\"},\"potentialAction\":[{\"@type\":\"SearchAction\",\"target\":{\"@type\":\"EntryPoint\",\"urlTemplate\":\"https:\/\/groupeidec-international.com\/en\/?s={search_term_string}\"},\"query-input\":{\"@type\":\"PropertyValueSpecification\",\"valueRequired\":true,\"valueName\":\"search_term_string\"}}],\"inLanguage\":\"en-US\"},{\"@type\":\"Organization\",\"@id\":\"https:\/\/groupeidec-international.com\/en\/#organization\",\"name\":\"GROUPE IDEC INTERNATIONAL\",\"url\":\"https:\/\/groupeidec-international.com\/en\/\",\"logo\":{\"@type\":\"ImageObject\",\"inLanguage\":\"en-US\",\"@id\":\"https:\/\/groupeidec-international.com\/en\/#\/schema\/logo\/image\/\",\"url\":\"https:\/\/groupeidec-international.com\/wp-content\/uploads\/2024\/04\/logo_groupe-idec-international_black_175x75.png\",\"contentUrl\":\"https:\/\/groupeidec-international.com\/wp-content\/uploads\/2024\/04\/logo_groupe-idec-international_black_175x75.png\",\"width\":175,\"height\":75,\"caption\":\"GROUPE IDEC INTERNATIONAL\"},\"image\":{\"@id\":\"https:\/\/groupeidec-international.com\/en\/#\/schema\/logo\/image\/\"},\"sameAs\":[\"https:\/\/www.linkedin.com\/company\/idec-group-iberica\/\"]},{\"@type\":\"Person\",\"@id\":\"https:\/\/groupeidec-international.com\/en\/#\/schema\/person\/e9849822abbb269a7c4fc8673199c49d\",\"name\":\"J-Michel\",\"image\":{\"@type\":\"ImageObject\",\"inLanguage\":\"en-US\",\"@id\":\"https:\/\/secure.gravatar.com\/avatar\/8112561cfb89241ffe7ea765b7ec7b5ac1b9e4657aa6f87aec6721658152e18b?s=96&d=mm&r=g\",\"url\":\"https:\/\/secure.gravatar.com\/avatar\/8112561cfb89241ffe7ea765b7ec7b5ac1b9e4657aa6f87aec6721658152e18b?s=96&d=mm&r=g\",\"contentUrl\":\"https:\/\/secure.gravatar.com\/avatar\/8112561cfb89241ffe7ea765b7ec7b5ac1b9e4657aa6f87aec6721658152e18b?s=96&d=mm&r=g\",\"caption\":\"J-Michel\"},\"sameAs\":[\"https:\/\/groupeidec-international.com\"]}]}<\/script>\n<!-- \/ Yoast SEO plugin. -->","yoast_head_json":{"title":"LAYING OF THE FOUNDATION STONE OF THE PUERTO SECO ANTEQUERA CONSTRUCTION SITE - GROUPE IDEC INTERNATIONAL","robots":{"index":"index","follow":"follow","max-snippet":"max-snippet:-1","max-image-preview":"max-image-preview:large","max-video-preview":"max-video-preview:-1"},"canonical":"https:\/\/groupeidec-international.com\/en\/laying-of-the-foundation-stone-of-the-puerto-seco-antequera-construction-site\/","og_locale":"en_US","og_type":"article","og_title":"LAYING OF THE FOUNDATION STONE OF THE PUERTO SECO ANTEQUERA CONSTRUCTION SITE - GROUPE IDEC INTERNATIONAL","og_description":"[GROUNDBREAKING] \ud83d\udc77Marifr\u00e1n Carazo, Minister of Development, Infrastructure and Land Use of the Junta de Andaluc\u00eda, Manuel Bar\u00f3n, the Mayor of Antequera, Patrice LAFARGUE, the President of the GROUPE IDEC, Domigo...","og_url":"https:\/\/groupeidec-international.com\/en\/laying-of-the-foundation-stone-of-the-puerto-seco-antequera-construction-site\/","og_site_name":"GROUPE IDEC INTERNATIONAL","article_published_time":"2022-05-12T05:46:24+00:00","article_modified_time":"2024-09-03T13:03:38+00:00","og_image":[{"width":2016,"height":1512,"url":"https:\/\/groupeidec-international.com\/wp-content\/uploads\/2022\/04\/2204-PSA3.jpg","type":"image\/jpeg"}],"author":"J-Michel","twitter_card":"summary_large_image","twitter_misc":{"Written by":"J-Michel","Est. reading time":"1 minute"},"schema":{"@context":"https:\/\/schema.org","@graph":[{"@type":"Article","@id":"https:\/\/groupeidec-international.com\/en\/laying-of-the-foundation-stone-of-the-puerto-seco-antequera-construction-site\/#article","isPartOf":{"@id":"https:\/\/groupeidec-international.com\/en\/laying-of-the-foundation-stone-of-the-puerto-seco-antequera-construction-site\/"},"author":{"name":"J-Michel","@id":"https:\/\/groupeidec-international.com\/en\/#\/schema\/person\/e9849822abbb269a7c4fc8673199c49d"},"headline":"LAYING OF THE FOUNDATION STONE OF THE PUERTO SECO ANTEQUERA CONSTRUCTION SITE","datePublished":"2022-05-12T05:46:24+00:00","dateModified":"2024-09-03T13:03:38+00:00","mainEntityOfPage":{"@id":"https:\/\/groupeidec-international.com\/en\/laying-of-the-foundation-stone-of-the-puerto-seco-antequera-construction-site\/"},"wordCount":154,"publisher":{"@id":"https:\/\/groupeidec-international.com\/en\/#organization"},"image":{"@id":"https:\/\/groupeidec-international.com\/en\/laying-of-the-foundation-stone-of-the-puerto-seco-antequera-construction-site\/#primaryimage"},"thumbnailUrl":"https:\/\/groupeidec-international.com\/wp-content\/uploads\/2022\/04\/2204-PSA3.jpg","keywords":["Spain"],"articleSection":["Planning"],"inLanguage":"en-US"},{"@type":"WebPage","@id":"https:\/\/groupeidec-international.com\/en\/laying-of-the-foundation-stone-of-the-puerto-seco-antequera-construction-site\/","url":"https:\/\/groupeidec-international.com\/en\/laying-of-the-foundation-stone-of-the-puerto-seco-antequera-construction-site\/","name":"LAYING OF THE FOUNDATION STONE OF THE PUERTO SECO ANTEQUERA CONSTRUCTION SITE - GROUPE IDEC INTERNATIONAL","isPartOf":{"@id":"https:\/\/groupeidec-international.com\/en\/#website"},"primaryImageOfPage":{"@id":"https:\/\/groupeidec-international.com\/en\/laying-of-the-foundation-stone-of-the-puerto-seco-antequera-construction-site\/#primaryimage"},"image":{"@id":"https:\/\/groupeidec-international.com\/en\/laying-of-the-foundation-stone-of-the-puerto-seco-antequera-construction-site\/#primaryimage"},"thumbnailUrl":"https:\/\/groupeidec-international.com\/wp-content\/uploads\/2022\/04\/2204-PSA3.jpg","datePublished":"2022-05-12T05:46:24+00:00","dateModified":"2024-09-03T13:03:38+00:00","breadcrumb":{"@id":"https:\/\/groupeidec-international.com\/en\/laying-of-the-foundation-stone-of-the-puerto-seco-antequera-construction-site\/#breadcrumb"},"inLanguage":"en-US","potentialAction":[{"@type":"ReadAction","target":["https:\/\/groupeidec-international.com\/en\/laying-of-the-foundation-stone-of-the-puerto-seco-antequera-construction-site\/"]}]},{"@type":"ImageObject","inLanguage":"en-US","@id":"https:\/\/groupeidec-international.com\/en\/laying-of-the-foundation-stone-of-the-puerto-seco-antequera-construction-site\/#primaryimage","url":"https:\/\/groupeidec-international.com\/wp-content\/uploads\/2022\/04\/2204-PSA3.jpg","contentUrl":"https:\/\/groupeidec-international.com\/wp-content\/uploads\/2022\/04\/2204-PSA3.jpg","width":2016,"height":1512},{"@type":"BreadcrumbList","@id":"https:\/\/groupeidec-international.com\/en\/laying-of-the-foundation-stone-of-the-puerto-seco-antequera-construction-site\/#breadcrumb","itemListElement":[{"@type":"ListItem","position":1,"name":"Homepage","item":"https:\/\/groupeidec-international.com\/en\/"},{"@type":"ListItem","position":2,"name":"Planning","item":"https:\/\/groupeidec-international.com\/en\/category\/planning\/"},{"@type":"ListItem","position":3,"name":"LAYING OF THE FOUNDATION STONE OF THE PUERTO SECO ANTEQUERA CONSTRUCTION SITE"}]},{"@type":"WebSite","@id":"https:\/\/groupeidec-international.com\/en\/#website","url":"https:\/\/groupeidec-international.com\/en\/","name":"GROUPE IDEC INTERNATIONAL","description":"","publisher":{"@id":"https:\/\/groupeidec-international.com\/en\/#organization"},"potentialAction":[{"@type":"SearchAction","target":{"@type":"EntryPoint","urlTemplate":"https:\/\/groupeidec-international.com\/en\/?s={search_term_string}"},"query-input":{"@type":"PropertyValueSpecification","valueRequired":true,"valueName":"search_term_string"}}],"inLanguage":"en-US"},{"@type":"Organization","@id":"https:\/\/groupeidec-international.com\/en\/#organization","name":"GROUPE IDEC INTERNATIONAL","url":"https:\/\/groupeidec-international.com\/en\/","logo":{"@type":"ImageObject","inLanguage":"en-US","@id":"https:\/\/groupeidec-international.com\/en\/#\/schema\/logo\/image\/","url":"https:\/\/groupeidec-international.com\/wp-content\/uploads\/2024\/04\/logo_groupe-idec-international_black_175x75.png","contentUrl":"https:\/\/groupeidec-international.com\/wp-content\/uploads\/2024\/04\/logo_groupe-idec-international_black_175x75.png","width":175,"height":75,"caption":"GROUPE IDEC INTERNATIONAL"},"image":{"@id":"https:\/\/groupeidec-international.com\/en\/#\/schema\/logo\/image\/"},"sameAs":["https:\/\/www.linkedin.com\/company\/idec-group-iberica\/"]},{"@type":"Person","@id":"https:\/\/groupeidec-international.com\/en\/#\/schema\/person\/e9849822abbb269a7c4fc8673199c49d","name":"J-Michel","image":{"@type":"ImageObject","inLanguage":"en-US","@id":"https:\/\/secure.gravatar.com\/avatar\/8112561cfb89241ffe7ea765b7ec7b5ac1b9e4657aa6f87aec6721658152e18b?s=96&d=mm&r=g","url":"https:\/\/secure.gravatar.com\/avatar\/8112561cfb89241ffe7ea765b7ec7b5ac1b9e4657aa6f87aec6721658152e18b?s=96&d=mm&r=g","contentUrl":"https:\/\/secure.gravatar.com\/avatar\/8112561cfb89241ffe7ea765b7ec7b5ac1b9e4657aa6f87aec6721658152e18b?s=96&d=mm&r=g","caption":"J-Michel"},"sameAs":["https:\/\/groupeidec-international.com"]}]}},"_links":{"self":[{"href":"https:\/\/groupeidec-international.com\/en\/wp-json\/wp\/v2\/posts\/2588","targetHints":{"allow":["GET"]}}],"collection":[{"href":"https:\/\/groupeidec-international.com\/en\/wp-json\/wp\/v2\/posts"}],"about":[{"href":"https:\/\/groupeidec-international.com\/en\/wp-json\/wp\/v2\/types\/post"}],"author":[{"embeddable":true,"href":"https:\/\/groupeidec-international.com\/en\/wp-json\/wp\/v2\/users\/1"}],"replies":[{"embeddable":true,"href":"https:\/\/groupeidec-international.com\/en\/wp-json\/wp\/v2\/comments?post=2588"}],"version-history":[{"count":2,"href":"https:\/\/groupeidec-international.com\/en\/wp-json\/wp\/v2\/posts\/2588\/revisions"}],"predecessor-version":[{"id":7766,"href":"https:\/\/groupeidec-international.com\/en\/wp-json\/wp\/v2\/posts\/2588\/revisions\/7766"}],"wp:featuredmedia":[{"embeddable":true,"href":"https:\/\/groupeidec-international.com\/en\/wp-json\/wp\/v2\/media\/2556"}],"wp:attachment":[{"href":"https:\/\/groupeidec-international.com\/en\/wp-json\/wp\/v2\/media?parent=2588"}],"wp:term":[{"taxonomy":"category","embeddable":true,"href":"https:\/\/groupeidec-international.com\/en\/wp-json\/wp\/v2\/categories?post=2588"},{"taxonomy":"post_tag","embeddable":true,"href":"https:\/\/groupeidec-international.com\/en\/wp-json\/wp\/v2\/tags?post=2588"}],"curies":[{"name":"wp","href":"https:\/\/api.w.org\/{rel}","templated":true}]}}