{"id":5316,"date":"2024-07-03T10:41:37","date_gmt":"2024-07-03T08:41:37","guid":{"rendered":"https:\/\/groupeidec-international.com\/le-groupe-idec-et-xori-group-sassocient-pour-creer-idec-group-italia\/"},"modified":"2024-09-03T14:32:29","modified_gmt":"2024-09-03T12:32:29","slug":"le-groupe-idec-et-xori-group-sassocient-pour-creer-idec-group-italia","status":"publish","type":"post","link":"https:\/\/groupeidec-international.com\/es\/le-groupe-idec-et-xori-group-sassocient-pour-creer-idec-group-italia\/","title":{"rendered":"GROUPE IDEC y XORI Group unen sus fuerzas para crear IDEC GROUP ITALIA"},"content":{"rendered":"\n<p><strong>GROUPE IDEC, uno de los principales actores del sector inmobiliario en Francia y en el extranjero, y XORI Group, empresa italiana especializada en ingenier\u00eda y construcci\u00f3n, han unido sus fuerzas para crear una nueva empresa conjunta: IDEC GROUP ITALIA. Esta nueva entidad, con sede en Tur\u00edn, re\u00fane la experiencia de las dos empresas y ahora puede ofrecer apoyo en toda la cadena de valor inmobiliario, integrando los retos de la neutralidad de carbono.<\/strong><\/p>\n\n\n\n<p><\/p>\n\n\n\n<h2 class=\"wp-block-heading\"><strong>LA ASOCIACI\u00d3N DE DOS EXPERTOS INMOBILIARIOS<\/strong><\/h2>\n\n\n\n<p>El GROUPE IDEC, fundado en Francia hace casi 25 a\u00f1os, es uno de los principales actores del sector inmobiliario, con m\u00e1s de 600 empleados en Francia, 1.000 en el extranjero, 700.000 m2 realizados cada a\u00f1o y m\u00e1s de 1.000 hect\u00e1reas en desarrollo. Para impulsar su desarrollo en Italia, el grupo se ha asociado con XORI Group, una empresa que emplea a m\u00e1s de 200 personas en el pa\u00eds e incorpora siete empresas diferentes, la m\u00e1s antigua de las cuales data de 1979. \u00abJuntos, con IDEC GROUP ITALIA, queremos crear una empresa de referencia para apoyar a los actores de la industria, el comercio y la log\u00edstica en la realizaci\u00f3n de sus proyectos inmobiliarios integrando todos los resortes de la innovaci\u00f3n y la sostenibilidad\u00bb, explica Patrice LAFARGUE, Fundador y Presidente de GROUPE IDEC.<\/p>\n\n\n\n<figure class=\"wp-block-image size-full\"><img loading=\"lazy\" decoding=\"async\" width=\"1170\" height=\"658\" src=\"https:\/\/groupeidec-international.com\/wp-content\/uploads\/2024\/07\/groupe-idec-xori_01.jpg\" alt=\"\" class=\"wp-image-3830\" srcset=\"https:\/\/groupeidec-international.com\/wp-content\/uploads\/2024\/07\/groupe-idec-xori_01.jpg 1170w, https:\/\/groupeidec-international.com\/wp-content\/uploads\/2024\/07\/groupe-idec-xori_01-300x169.jpg 300w, https:\/\/groupeidec-international.com\/wp-content\/uploads\/2024\/07\/groupe-idec-xori_01-1024x576.jpg 1024w, https:\/\/groupeidec-international.com\/wp-content\/uploads\/2024\/07\/groupe-idec-xori_01-768x432.jpg 768w\" sizes=\"auto, (max-width: 1170px) 100vw, 1170px\" \/><\/figure>\n\n\n\n<h2 class=\"wp-block-heading\"><strong>UNA VISI\u00d3N INMOBILIARIA DE 360<\/strong><\/h2>\n\n\n\n<p>Combinando sus respectivas \u00e1reas de especializaci\u00f3n, GROUPE IDEC y XORI Group esperan diferenciarse de los actores presentes en Italia adoptando el enfoque que constituye el punto fuerte de la empresa fundada por Patrice LAFARGUE en Francia, es decir, una visi\u00f3n inmobiliaria de 360\u00b0. \u00abSiempre hemos querido posicionarnos como una empresa de servicios\u00bb, explica el Presidente de GROUPE IDEC. \u00abDesde la planificaci\u00f3n hasta el desarrollo, pasando por la ingenier\u00eda llave en mano, la inversi\u00f3n, la energ\u00eda y las operaciones internacionales, siempre hemos tratado de satisfacer todas las necesidades de nuestros clientes. Evidentemente, tenemos la intenci\u00f3n de adoptar el mismo enfoque en Italia, aprovechando la experiencia de nuestro socio XORI Group.<\/p>\n\n\n\n<h2 class=\"wp-block-heading\"><strong>UNA ASOCIACI\u00d3N \u00daNICA CON COMPETENCIAS COMPLEMENTARIAS<\/strong><\/h2>\n\n\n\n<p>Gracias a su conocimiento del mercado local y de las normas que lo componen, a su arraigo nacional y a los numerosos proyectos que ha llevado a cabo en Italia y, m\u00e1s ampliamente, en Europa, el Grupo XORI representa para el GROUPE IDEC un socio de elecci\u00f3n para desarrollar sus actividades en Italia. \u00abPretendemos combinar nuestros conocimientos t\u00e9cnicos y la complementariedad de nuestras actividades\u00bb, explica Patrice Lafargue. \u00abDesde la planificaci\u00f3n hasta el desarrollo de terrenos de alto potencial, pasando por el dise\u00f1o y la construcci\u00f3n llave en mano de proyectos log\u00edsticos, terciarios e industriales, y la inversi\u00f3n, tambi\u00e9n tenemos la intenci\u00f3n de desplegar nuestras soluciones energ\u00e9ticas m\u00e1s innovadoras con bajas emisiones de carbono para apoyar a nuestros clientes en la transici\u00f3n energ\u00e9tica y medioambiental de sus proyectos\u00bb.<\/p>\n\n\n\n<figure class=\"wp-block-image size-full\"><img loading=\"lazy\" decoding=\"async\" width=\"1536\" height=\"1024\" src=\"https:\/\/groupeidec-international.com\/wp-content\/uploads\/2024\/07\/groupe-idec-xori_02_1536x1024.jpeg\" alt=\"\" class=\"wp-image-3826\" srcset=\"https:\/\/groupeidec-international.com\/wp-content\/uploads\/2024\/07\/groupe-idec-xori_02_1536x1024.jpeg 1536w, https:\/\/groupeidec-international.com\/wp-content\/uploads\/2024\/07\/groupe-idec-xori_02_1536x1024-300x200.jpeg 300w, https:\/\/groupeidec-international.com\/wp-content\/uploads\/2024\/07\/groupe-idec-xori_02_1536x1024-1024x683.jpeg 1024w, https:\/\/groupeidec-international.com\/wp-content\/uploads\/2024\/07\/groupe-idec-xori_02_1536x1024-768x512.jpeg 768w, https:\/\/groupeidec-international.com\/wp-content\/uploads\/2024\/07\/groupe-idec-xori_02_1536x1024-900x600.jpeg 900w\" sizes=\"auto, (max-width: 1536px) 100vw, 1536px\" \/><\/figure>\n\n\n\n<h2 class=\"wp-block-heading\"><strong>INSTALACI\u00d3N EN TUR\u00cdN <\/strong><\/h2>\n\n\n\n<p>Para estar lo m\u00e1s cerca posible de sus clientes, IDEC GROUP ITALIA se implanta en Italia, m\u00e1s concretamente en Tur\u00edn. \u00abCon la creaci\u00f3n estrat\u00e9gica de IDEC GROUP Italia, volvemos a situar a Tur\u00edn y al Piamonte en el centro de los intereses econ\u00f3micos europeos e internacionales, como punto de partida de una nueva y prometedora aventura\u00bb, afirma Luca Rollino, Presidente del Grupo Xori. \u00abDesde esta nueva ubicaci\u00f3n, contamos con un potencial de negocio de m\u00e1s de 100 millones de euros en los pr\u00f3ximos a\u00f1os, con una visi\u00f3n ambiciosa para el desarrollo econ\u00f3mico de la regi\u00f3n a trav\u00e9s de proyectos industriales y log\u00edsticos\u00bb, a\u00f1ade el Presidente del Grupo XORI. \u00abCon IDEC GROUP ITALIA, pretendemos ofrecer un gran avance apoyando a nuestros clientes en toda la cadena de valor inmobiliaria.<\/p>\n\n\n\n<h2 class=\"wp-block-heading\"><strong>VARIOS PROYECTOS EN ESTUDIO<\/strong><\/h2>\n\n\n\n<p>Paralelamente a la creaci\u00f3n de IDEC GROUP ITALIA, los equipos de GROUPE IDEC y XORI Group ya est\u00e1n trabajando en varios proyectos de gran envergadura. Entre ellos, un proyecto log\u00edstico de casi 60.000 m\u00b2 en la regi\u00f3n del V\u00e9neto, actualmente en estudio, que responde a las peticiones de los clientes de los alrededores de Mil\u00e1n y Roma.<\/p>\n\n\n\n<p><\/p>\n","protected":false},"excerpt":{"rendered":"<p>GROUPE IDEC, uno de los principales actores del sector inmobiliario en Francia y en el extranjero, y XORI Group, empresa italiana especializada en ingenier\u00eda y construcci\u00f3n, han unido sus fuerzas&#8230;<\/p>\n","protected":false},"author":1,"featured_media":3832,"comment_status":"closed","ping_status":"closed","sticky":false,"template":"","format":"standard","meta":{"footnotes":""},"categories":[65],"tags":[53],"class_list":{"0":"post-5316","1":"post","2":"type-post","3":"status-publish","4":"format-standard","5":"has-post-thumbnail","7":"category-evento","8":"tag-italia-es"},"yoast_head":"<!-- This site is optimized with the Yoast SEO plugin v27.2 - https:\/\/yoast.com\/product\/yoast-seo-wordpress\/ -->\n<title>GROUPE IDEC y XORI Group unen sus fuerzas para crear IDEC GROUP ITALIA - GROUPE IDEC INTERNATIONAL<\/title>\n<meta name=\"robots\" content=\"index, follow, max-snippet:-1, max-image-preview:large, max-video-preview:-1\" \/>\n<link rel=\"canonical\" href=\"https:\/\/groupeidec-international.com\/es\/le-groupe-idec-et-xori-group-sassocient-pour-creer-idec-group-italia\/\" \/>\n<meta property=\"og:locale\" content=\"es_ES\" \/>\n<meta property=\"og:type\" content=\"article\" \/>\n<meta property=\"og:title\" content=\"GROUPE IDEC y XORI Group unen sus fuerzas para crear IDEC GROUP ITALIA - GROUPE IDEC INTERNATIONAL\" \/>\n<meta property=\"og:description\" content=\"GROUPE IDEC, uno de los principales actores del sector inmobiliario en Francia y en el extranjero, y XORI Group, empresa italiana especializada en ingenier\u00eda y construcci\u00f3n, han unido sus fuerzas...\" \/>\n<meta property=\"og:url\" content=\"https:\/\/groupeidec-international.com\/es\/le-groupe-idec-et-xori-group-sassocient-pour-creer-idec-group-italia\/\" \/>\n<meta property=\"og:site_name\" content=\"GROUPE IDEC INTERNATIONAL\" \/>\n<meta property=\"article:published_time\" content=\"2024-07-03T08:41:37+00:00\" \/>\n<meta property=\"article:modified_time\" content=\"2024-09-03T12:32:29+00:00\" \/>\n<meta property=\"og:image\" content=\"https:\/\/groupeidec-international.com\/wp-content\/uploads\/2024\/07\/groupe-idec-xori_01.jpg\" \/>\n\t<meta property=\"og:image:width\" content=\"1170\" \/>\n\t<meta property=\"og:image:height\" content=\"658\" \/>\n\t<meta property=\"og:image:type\" content=\"image\/jpeg\" \/>\n<meta name=\"author\" content=\"J-Michel\" \/>\n<meta name=\"twitter:card\" content=\"summary_large_image\" \/>\n<meta name=\"twitter:label1\" content=\"Escrito por\" \/>\n\t<meta name=\"twitter:data1\" content=\"J-Michel\" \/>\n\t<meta name=\"twitter:label2\" content=\"Tiempo de lectura\" \/>\n\t<meta name=\"twitter:data2\" content=\"4 minutos\" \/>\n<script type=\"application\/ld+json\" class=\"yoast-schema-graph\">{\"@context\":\"https:\/\/schema.org\",\"@graph\":[{\"@type\":\"Article\",\"@id\":\"https:\/\/groupeidec-international.com\/es\/le-groupe-idec-et-xori-group-sassocient-pour-creer-idec-group-italia\/#article\",\"isPartOf\":{\"@id\":\"https:\/\/groupeidec-international.com\/es\/le-groupe-idec-et-xori-group-sassocient-pour-creer-idec-group-italia\/\"},\"author\":{\"name\":\"J-Michel\",\"@id\":\"https:\/\/groupeidec-international.com\/es\/#\/schema\/person\/e9849822abbb269a7c4fc8673199c49d\"},\"headline\":\"GROUPE IDEC y XORI Group unen sus fuerzas para crear IDEC GROUP ITALIA\",\"datePublished\":\"2024-07-03T08:41:37+00:00\",\"dateModified\":\"2024-09-03T12:32:29+00:00\",\"mainEntityOfPage\":{\"@id\":\"https:\/\/groupeidec-international.com\/es\/le-groupe-idec-et-xori-group-sassocient-pour-creer-idec-group-italia\/\"},\"wordCount\":716,\"publisher\":{\"@id\":\"https:\/\/groupeidec-international.com\/es\/#organization\"},\"image\":{\"@id\":\"https:\/\/groupeidec-international.com\/es\/le-groupe-idec-et-xori-group-sassocient-pour-creer-idec-group-italia\/#primaryimage\"},\"thumbnailUrl\":\"https:\/\/groupeidec-international.com\/wp-content\/uploads\/2024\/07\/groupe-idec-xori_01.jpg\",\"keywords\":[\"Italia\"],\"articleSection\":[\"Evento\"],\"inLanguage\":\"es\"},{\"@type\":\"WebPage\",\"@id\":\"https:\/\/groupeidec-international.com\/es\/le-groupe-idec-et-xori-group-sassocient-pour-creer-idec-group-italia\/\",\"url\":\"https:\/\/groupeidec-international.com\/es\/le-groupe-idec-et-xori-group-sassocient-pour-creer-idec-group-italia\/\",\"name\":\"GROUPE IDEC y XORI Group unen sus fuerzas para crear IDEC GROUP ITALIA - GROUPE IDEC INTERNATIONAL\",\"isPartOf\":{\"@id\":\"https:\/\/groupeidec-international.com\/es\/#website\"},\"primaryImageOfPage\":{\"@id\":\"https:\/\/groupeidec-international.com\/es\/le-groupe-idec-et-xori-group-sassocient-pour-creer-idec-group-italia\/#primaryimage\"},\"image\":{\"@id\":\"https:\/\/groupeidec-international.com\/es\/le-groupe-idec-et-xori-group-sassocient-pour-creer-idec-group-italia\/#primaryimage\"},\"thumbnailUrl\":\"https:\/\/groupeidec-international.com\/wp-content\/uploads\/2024\/07\/groupe-idec-xori_01.jpg\",\"datePublished\":\"2024-07-03T08:41:37+00:00\",\"dateModified\":\"2024-09-03T12:32:29+00:00\",\"breadcrumb\":{\"@id\":\"https:\/\/groupeidec-international.com\/es\/le-groupe-idec-et-xori-group-sassocient-pour-creer-idec-group-italia\/#breadcrumb\"},\"inLanguage\":\"es\",\"potentialAction\":[{\"@type\":\"ReadAction\",\"target\":[\"https:\/\/groupeidec-international.com\/es\/le-groupe-idec-et-xori-group-sassocient-pour-creer-idec-group-italia\/\"]}]},{\"@type\":\"ImageObject\",\"inLanguage\":\"es\",\"@id\":\"https:\/\/groupeidec-international.com\/es\/le-groupe-idec-et-xori-group-sassocient-pour-creer-idec-group-italia\/#primaryimage\",\"url\":\"https:\/\/groupeidec-international.com\/wp-content\/uploads\/2024\/07\/groupe-idec-xori_01.jpg\",\"contentUrl\":\"https:\/\/groupeidec-international.com\/wp-content\/uploads\/2024\/07\/groupe-idec-xori_01.jpg\",\"width\":1170,\"height\":658,\"caption\":\"GROUPE IDEC et XORI\"},{\"@type\":\"BreadcrumbList\",\"@id\":\"https:\/\/groupeidec-international.com\/es\/le-groupe-idec-et-xori-group-sassocient-pour-creer-idec-group-italia\/#breadcrumb\",\"itemListElement\":[{\"@type\":\"ListItem\",\"position\":1,\"name\":\"P\u00e1gina principal\",\"item\":\"https:\/\/groupeidec-international.com\/es\/\"},{\"@type\":\"ListItem\",\"position\":2,\"name\":\"Evento\",\"item\":\"https:\/\/groupeidec-international.com\/es\/categorias\/evento\/\"},{\"@type\":\"ListItem\",\"position\":3,\"name\":\"GROUPE IDEC y XORI Group unen sus fuerzas para crear IDEC GROUP ITALIA\"}]},{\"@type\":\"WebSite\",\"@id\":\"https:\/\/groupeidec-international.com\/es\/#website\",\"url\":\"https:\/\/groupeidec-international.com\/es\/\",\"name\":\"GROUPE IDEC INTERNATIONAL\",\"description\":\"\",\"publisher\":{\"@id\":\"https:\/\/groupeidec-international.com\/es\/#organization\"},\"potentialAction\":[{\"@type\":\"SearchAction\",\"target\":{\"@type\":\"EntryPoint\",\"urlTemplate\":\"https:\/\/groupeidec-international.com\/es\/?s={search_term_string}\"},\"query-input\":{\"@type\":\"PropertyValueSpecification\",\"valueRequired\":true,\"valueName\":\"search_term_string\"}}],\"inLanguage\":\"es\"},{\"@type\":\"Organization\",\"@id\":\"https:\/\/groupeidec-international.com\/es\/#organization\",\"name\":\"GROUPE IDEC INTERNATIONAL\",\"url\":\"https:\/\/groupeidec-international.com\/es\/\",\"logo\":{\"@type\":\"ImageObject\",\"inLanguage\":\"es\",\"@id\":\"https:\/\/groupeidec-international.com\/es\/#\/schema\/logo\/image\/\",\"url\":\"https:\/\/groupeidec-international.com\/wp-content\/uploads\/2024\/04\/logo_groupe-idec-international_black_175x75.png\",\"contentUrl\":\"https:\/\/groupeidec-international.com\/wp-content\/uploads\/2024\/04\/logo_groupe-idec-international_black_175x75.png\",\"width\":175,\"height\":75,\"caption\":\"GROUPE IDEC INTERNATIONAL\"},\"image\":{\"@id\":\"https:\/\/groupeidec-international.com\/es\/#\/schema\/logo\/image\/\"},\"sameAs\":[\"https:\/\/www.linkedin.com\/company\/idec-group-iberica\/\"]},{\"@type\":\"Person\",\"@id\":\"https:\/\/groupeidec-international.com\/es\/#\/schema\/person\/e9849822abbb269a7c4fc8673199c49d\",\"name\":\"J-Michel\",\"image\":{\"@type\":\"ImageObject\",\"inLanguage\":\"es\",\"@id\":\"https:\/\/secure.gravatar.com\/avatar\/8112561cfb89241ffe7ea765b7ec7b5ac1b9e4657aa6f87aec6721658152e18b?s=96&d=mm&r=g\",\"url\":\"https:\/\/secure.gravatar.com\/avatar\/8112561cfb89241ffe7ea765b7ec7b5ac1b9e4657aa6f87aec6721658152e18b?s=96&d=mm&r=g\",\"contentUrl\":\"https:\/\/secure.gravatar.com\/avatar\/8112561cfb89241ffe7ea765b7ec7b5ac1b9e4657aa6f87aec6721658152e18b?s=96&d=mm&r=g\",\"caption\":\"J-Michel\"},\"sameAs\":[\"https:\/\/groupeidec-international.com\"]}]}<\/script>\n<!-- \/ Yoast SEO plugin. -->","yoast_head_json":{"title":"GROUPE IDEC y XORI Group unen sus fuerzas para crear IDEC GROUP ITALIA - GROUPE IDEC INTERNATIONAL","robots":{"index":"index","follow":"follow","max-snippet":"max-snippet:-1","max-image-preview":"max-image-preview:large","max-video-preview":"max-video-preview:-1"},"canonical":"https:\/\/groupeidec-international.com\/es\/le-groupe-idec-et-xori-group-sassocient-pour-creer-idec-group-italia\/","og_locale":"es_ES","og_type":"article","og_title":"GROUPE IDEC y XORI Group unen sus fuerzas para crear IDEC GROUP ITALIA - GROUPE IDEC INTERNATIONAL","og_description":"GROUPE IDEC, uno de los principales actores del sector inmobiliario en Francia y en el extranjero, y XORI Group, empresa italiana especializada en ingenier\u00eda y construcci\u00f3n, han unido sus fuerzas...","og_url":"https:\/\/groupeidec-international.com\/es\/le-groupe-idec-et-xori-group-sassocient-pour-creer-idec-group-italia\/","og_site_name":"GROUPE IDEC INTERNATIONAL","article_published_time":"2024-07-03T08:41:37+00:00","article_modified_time":"2024-09-03T12:32:29+00:00","og_image":[{"width":1170,"height":658,"url":"https:\/\/groupeidec-international.com\/wp-content\/uploads\/2024\/07\/groupe-idec-xori_01.jpg","type":"image\/jpeg"}],"author":"J-Michel","twitter_card":"summary_large_image","twitter_misc":{"Escrito por":"J-Michel","Tiempo de lectura":"4 minutos"},"schema":{"@context":"https:\/\/schema.org","@graph":[{"@type":"Article","@id":"https:\/\/groupeidec-international.com\/es\/le-groupe-idec-et-xori-group-sassocient-pour-creer-idec-group-italia\/#article","isPartOf":{"@id":"https:\/\/groupeidec-international.com\/es\/le-groupe-idec-et-xori-group-sassocient-pour-creer-idec-group-italia\/"},"author":{"name":"J-Michel","@id":"https:\/\/groupeidec-international.com\/es\/#\/schema\/person\/e9849822abbb269a7c4fc8673199c49d"},"headline":"GROUPE IDEC y XORI Group unen sus fuerzas para crear IDEC GROUP ITALIA","datePublished":"2024-07-03T08:41:37+00:00","dateModified":"2024-09-03T12:32:29+00:00","mainEntityOfPage":{"@id":"https:\/\/groupeidec-international.com\/es\/le-groupe-idec-et-xori-group-sassocient-pour-creer-idec-group-italia\/"},"wordCount":716,"publisher":{"@id":"https:\/\/groupeidec-international.com\/es\/#organization"},"image":{"@id":"https:\/\/groupeidec-international.com\/es\/le-groupe-idec-et-xori-group-sassocient-pour-creer-idec-group-italia\/#primaryimage"},"thumbnailUrl":"https:\/\/groupeidec-international.com\/wp-content\/uploads\/2024\/07\/groupe-idec-xori_01.jpg","keywords":["Italia"],"articleSection":["Evento"],"inLanguage":"es"},{"@type":"WebPage","@id":"https:\/\/groupeidec-international.com\/es\/le-groupe-idec-et-xori-group-sassocient-pour-creer-idec-group-italia\/","url":"https:\/\/groupeidec-international.com\/es\/le-groupe-idec-et-xori-group-sassocient-pour-creer-idec-group-italia\/","name":"GROUPE IDEC y XORI Group unen sus fuerzas para crear IDEC GROUP ITALIA - GROUPE IDEC INTERNATIONAL","isPartOf":{"@id":"https:\/\/groupeidec-international.com\/es\/#website"},"primaryImageOfPage":{"@id":"https:\/\/groupeidec-international.com\/es\/le-groupe-idec-et-xori-group-sassocient-pour-creer-idec-group-italia\/#primaryimage"},"image":{"@id":"https:\/\/groupeidec-international.com\/es\/le-groupe-idec-et-xori-group-sassocient-pour-creer-idec-group-italia\/#primaryimage"},"thumbnailUrl":"https:\/\/groupeidec-international.com\/wp-content\/uploads\/2024\/07\/groupe-idec-xori_01.jpg","datePublished":"2024-07-03T08:41:37+00:00","dateModified":"2024-09-03T12:32:29+00:00","breadcrumb":{"@id":"https:\/\/groupeidec-international.com\/es\/le-groupe-idec-et-xori-group-sassocient-pour-creer-idec-group-italia\/#breadcrumb"},"inLanguage":"es","potentialAction":[{"@type":"ReadAction","target":["https:\/\/groupeidec-international.com\/es\/le-groupe-idec-et-xori-group-sassocient-pour-creer-idec-group-italia\/"]}]},{"@type":"ImageObject","inLanguage":"es","@id":"https:\/\/groupeidec-international.com\/es\/le-groupe-idec-et-xori-group-sassocient-pour-creer-idec-group-italia\/#primaryimage","url":"https:\/\/groupeidec-international.com\/wp-content\/uploads\/2024\/07\/groupe-idec-xori_01.jpg","contentUrl":"https:\/\/groupeidec-international.com\/wp-content\/uploads\/2024\/07\/groupe-idec-xori_01.jpg","width":1170,"height":658,"caption":"GROUPE IDEC et XORI"},{"@type":"BreadcrumbList","@id":"https:\/\/groupeidec-international.com\/es\/le-groupe-idec-et-xori-group-sassocient-pour-creer-idec-group-italia\/#breadcrumb","itemListElement":[{"@type":"ListItem","position":1,"name":"P\u00e1gina principal","item":"https:\/\/groupeidec-international.com\/es\/"},{"@type":"ListItem","position":2,"name":"Evento","item":"https:\/\/groupeidec-international.com\/es\/categorias\/evento\/"},{"@type":"ListItem","position":3,"name":"GROUPE IDEC y XORI Group unen sus fuerzas para crear IDEC GROUP ITALIA"}]},{"@type":"WebSite","@id":"https:\/\/groupeidec-international.com\/es\/#website","url":"https:\/\/groupeidec-international.com\/es\/","name":"GROUPE IDEC INTERNATIONAL","description":"","publisher":{"@id":"https:\/\/groupeidec-international.com\/es\/#organization"},"potentialAction":[{"@type":"SearchAction","target":{"@type":"EntryPoint","urlTemplate":"https:\/\/groupeidec-international.com\/es\/?s={search_term_string}"},"query-input":{"@type":"PropertyValueSpecification","valueRequired":true,"valueName":"search_term_string"}}],"inLanguage":"es"},{"@type":"Organization","@id":"https:\/\/groupeidec-international.com\/es\/#organization","name":"GROUPE IDEC INTERNATIONAL","url":"https:\/\/groupeidec-international.com\/es\/","logo":{"@type":"ImageObject","inLanguage":"es","@id":"https:\/\/groupeidec-international.com\/es\/#\/schema\/logo\/image\/","url":"https:\/\/groupeidec-international.com\/wp-content\/uploads\/2024\/04\/logo_groupe-idec-international_black_175x75.png","contentUrl":"https:\/\/groupeidec-international.com\/wp-content\/uploads\/2024\/04\/logo_groupe-idec-international_black_175x75.png","width":175,"height":75,"caption":"GROUPE IDEC INTERNATIONAL"},"image":{"@id":"https:\/\/groupeidec-international.com\/es\/#\/schema\/logo\/image\/"},"sameAs":["https:\/\/www.linkedin.com\/company\/idec-group-iberica\/"]},{"@type":"Person","@id":"https:\/\/groupeidec-international.com\/es\/#\/schema\/person\/e9849822abbb269a7c4fc8673199c49d","name":"J-Michel","image":{"@type":"ImageObject","inLanguage":"es","@id":"https:\/\/secure.gravatar.com\/avatar\/8112561cfb89241ffe7ea765b7ec7b5ac1b9e4657aa6f87aec6721658152e18b?s=96&d=mm&r=g","url":"https:\/\/secure.gravatar.com\/avatar\/8112561cfb89241ffe7ea765b7ec7b5ac1b9e4657aa6f87aec6721658152e18b?s=96&d=mm&r=g","contentUrl":"https:\/\/secure.gravatar.com\/avatar\/8112561cfb89241ffe7ea765b7ec7b5ac1b9e4657aa6f87aec6721658152e18b?s=96&d=mm&r=g","caption":"J-Michel"},"sameAs":["https:\/\/groupeidec-international.com"]}]}},"_links":{"self":[{"href":"https:\/\/groupeidec-international.com\/es\/wp-json\/wp\/v2\/posts\/5316","targetHints":{"allow":["GET"]}}],"collection":[{"href":"https:\/\/groupeidec-international.com\/es\/wp-json\/wp\/v2\/posts"}],"about":[{"href":"https:\/\/groupeidec-international.com\/es\/wp-json\/wp\/v2\/types\/post"}],"author":[{"embeddable":true,"href":"https:\/\/groupeidec-international.com\/es\/wp-json\/wp\/v2\/users\/1"}],"replies":[{"embeddable":true,"href":"https:\/\/groupeidec-international.com\/es\/wp-json\/wp\/v2\/comments?post=5316"}],"version-history":[{"count":3,"href":"https:\/\/groupeidec-international.com\/es\/wp-json\/wp\/v2\/posts\/5316\/revisions"}],"predecessor-version":[{"id":7743,"href":"https:\/\/groupeidec-international.com\/es\/wp-json\/wp\/v2\/posts\/5316\/revisions\/7743"}],"wp:featuredmedia":[{"embeddable":true,"href":"https:\/\/groupeidec-international.com\/es\/wp-json\/wp\/v2\/media\/3832"}],"wp:attachment":[{"href":"https:\/\/groupeidec-international.com\/es\/wp-json\/wp\/v2\/media?parent=5316"}],"wp:term":[{"taxonomy":"category","embeddable":true,"href":"https:\/\/groupeidec-international.com\/es\/wp-json\/wp\/v2\/categories?post=5316"},{"taxonomy":"post_tag","embeddable":true,"href":"https:\/\/groupeidec-international.com\/es\/wp-json\/wp\/v2\/tags?post=5316"}],"curies":[{"name":"wp","href":"https:\/\/api.w.org\/{rel}","templated":true}]}}