{"id":6953,"date":"2023-12-14T11:13:00","date_gmt":"2023-12-14T10:13:00","guid":{"rendered":"https:\/\/groupeidec-international.com\/idec-group-asia-vietnam-pose-la-1ere-pierre-dun-parc-industriel-et-logistique-unique-a-bac-ninh\/"},"modified":"2024-09-03T14:37:07","modified_gmt":"2024-09-03T12:37:07","slug":"idec-group-asia-vietnam-coloca-la-1a-piedra-de-un-parque-industrial-y-logistico-unico-en-bac-ninh","status":"publish","type":"post","link":"https:\/\/groupeidec-international.com\/es\/idec-group-asia-vietnam-coloca-la-1a-piedra-de-un-parque-industrial-y-logistico-unico-en-bac-ninh\/","title":{"rendered":"IDEC GROUP ASIA VIETNAM coloca la 1\u00aa piedra de un parque industrial y log\u00edstico \u00fanico en Bac Ninh"},"content":{"rendered":"\n<p><strong>Mi\u00e9rcoles 13 de diciembre en Bac Ninh (Vietnam) IDEC GROUP ASIA VIETNAM coloca la primera piedra de un parque industrial y log\u00edstico singular en Bac Ninh e invit\u00f3 a sus socios, clientes, actores p\u00fablicos e institucionales a la colocaci\u00f3n simb\u00f3lica de la primera piedra del Horizon Park . Este programa \u00fanico en Asia se construye en Bac Ninh, a unos treinta kil\u00f3metros de Hanoi, y ofrecer\u00e1 70.000 m\u00b2 de superficie operativa en 12 hect\u00e1reas de terreno, idealmente ubicado.<\/strong><\/p>\n\n\n\n<h2 class=\"wp-block-heading\">UNA CEREMONIA SIMB\u00d3LICA DE LA 1\u00aa PIEDRA<\/h2>\n\n\n\n<p>El mi\u00e9rcoles 13 de diciembre, IDEC GROUP ASIA Vietnam reuni\u00f3 a representantes de autoridades locales, actores y partes interesadas del programa Horizon Park, para la tradicional ceremonia de inauguraci\u00f3n. \u00abEstamos orgullosos de ver la culminaci\u00f3n de varios meses de trabajo con la innovaci\u00f3n de este programa que se destaca de la oferta disponible localmente\u00bb, explica Patrice LAFARGUE, presidente y fundador del GROUPE IDEC.\u201cDesde hace m\u00e1s de 20 a\u00f1os, contamos con una experiencia \u00fanica en Francia en el desarrollo de parques empresariales y log\u00edsticos, vectores de empleo, atractivo territorial y compromiso responsable. Con Horizon Park y el compromiso de los equipos de IDEC GROUP ASIA Vietnam, integramos el mismo enfoque, el mismo nivel de exigencia que en Francia, con un poco m\u00e1s de alma y esp\u00edritu tricolor que faltaba en la log\u00edstica y el suministro industrial en Vietnam\u201d. . Este evento simb\u00f3lico fue una oportunidad para presentar este nuevo programa insignia de IDEC GROUP ASIA Vietnam en desarrollo cerca de Hanoi, cuya construcci\u00f3n ya comenz\u00f3 hace unas semanas.<\/p>\n\n\n\n<h2 class=\"wp-block-heading\">UN PROGRAMA IDEALMENTE UBICADO<\/h2>\n\n\n\n<p>Bac Ninh, una provincia situada a 35 kil\u00f3metros de Hanoi, la capital de Vietnam, ofrece excelentes argumentos a los industriales y log\u00edsticos que buscan una ubicaci\u00f3n ideal con acceso privilegiado.\u00bbEn 20 a\u00f1os, Bac Ninh ha pasado de ser una provincia agr\u00edcola a uno de los mayores centros industriales de Vietnam\u00bb, explica Fran\u00e7ois MAGNIER, director general de IDEC GROUP ASIA Vietnam.\u201cEsta localidad tiene una de las tasas de crecimiento econ\u00f3mico m\u00e1s altas del pa\u00eds y se est\u00e1 posicionando como uno de los nuevos bastiones industriales y log\u00edsticos del pa\u00eds\u201d. El aeropuerto internacional de Noi Bai, el gran puerto de Hai Phong, a unos cien kil\u00f3metros de distancia y los servicios a las principales carreteras, lo convierten en una ventaja para afrontar los desaf\u00edos del almacenamiento y el tr\u00e1nsito, en proximidad directa de varios centros industriales de escala.<\/p>\n\n\n\n<h2 class=\"wp-block-heading\">70.000 M\u00b2 DE PROYECTOS EN ALQUILER O VENTA<\/h2>\n\n\n\n<p>Desarrollado en 12 hect\u00e1reas de terreno, el Horizon Park est\u00e1 dise\u00f1ado alrededor de plataformas multitemperatura y naves industriales que finalmente ofrecer\u00e1n 70.000 m\u00b2 listos para su uso, venta o alquiler. En concreto, 26 celdas de almacenamiento de aproximadamente 2.500 m\u00b2 cada una se beneficiar\u00e1n de un est\u00e1ndar log\u00edstico europeo equivalente de categor\u00eda A, una carga sobre el suelo de 5 toneladas por m\u00b2, alturas libres de casi 11 metros y todo el equipamiento necesario durante el funcionamiento (niveladores, puertas seccionales). , sistemas de detecci\u00f3n de incendios, etc.).\u201cEsta oferta llave en mano, inspirada en el apoyo que el GROUPE  IDEC ofrece a sus clientes en Francia, es bastante disruptiva en Vietnam. Por lo tanto, ya tenemos varias conversaciones muy avanzadas con futuros compradores de una o m\u00e1s c\u00e9lulas de almacenamiento. Esto ilustra la calidad del producto que estamos desarrollando aqu\u00ed en Bac Ninh\u201d, explica Patrice LAFARGUE.<\/p>\n\n\n\n<h2 class=\"wp-block-heading\">UN ENFOQUE RESPONSABLE<\/h2>\n\n\n\n<p>Horizon Park fue desarrollado desde su g\u00e9nesis para ser parte de un enfoque responsable y virtuoso. Cumplir\u00e1 con los m\u00e1s altos est\u00e1ndares y niveles de las normas locales y aspirar\u00e1 a la certificaci\u00f3n Leed Gold, que incluir\u00e1, en particular, una instalaci\u00f3n fotovoltaica que cubrir\u00e1 parte de los distintos almacenes. La energ\u00eda producida ser\u00e1 reinyectada directamente al parque y a los edificios que lo componen.<\/p>\n\n\n\n<h2 class=\"wp-block-heading\">UNA OPERACI\u00d3N SIGNIFICATIVA DEL GRUPO IDEC ASIA VIETNAM<\/h2>\n\n\n\n<p>Horizon Park es el nuevo programa insignia de IDEC GROUP ASIA Vietnam. Esta filial establecida en Vietnam naci\u00f3 de la asociaci\u00f3n entre el GROUPE IDEC, un importante actor del sector inmobiliario, nacido en Francia hace m\u00e1s de 20 a\u00f1os y que opera a nivel local e internacional, y el GRUPO ARCHETYPE, especialista en bienes ra\u00edces e ingenier\u00eda, ampliamente establecido en Asia.\u201cLa empresa destaca por su enfoque \u00fanico en el mercado con capacidad de operar en toda la cadena de valor del sector inmobiliario profesional. Al igual que lo que hace fuerte al GROUPE IDEC en Francia, el IDEC GROUP ASIA Vietnam interviene desde la promoci\u00f3n hasta el dise\u00f1o y la construcci\u00f3n llave en mano, integrando inversiones y soluciones energ\u00e9ticas sin emisiones de carbono\u201d, explica Patrice LAFARGUE.<\/p>\n","protected":false},"excerpt":{"rendered":"<p>Mi\u00e9rcoles 13 de diciembre en Bac Ninh (Vietnam) IDEC GROUP ASIA VIETNAM coloca la primera piedra de un parque industrial y log\u00edstico singular en Bac Ninh e invit\u00f3 a sus&#8230;<\/p>\n","protected":false},"author":1,"featured_media":1488,"comment_status":"closed","ping_status":"closed","sticky":false,"template":"","format":"standard","meta":{"footnotes":""},"categories":[39],"tags":[54],"class_list":{"0":"post-6953","1":"post","2":"type-post","3":"status-publish","4":"format-standard","5":"has-post-thumbnail","7":"category-planificacion","8":"tag-vietnam-es"},"yoast_head":"<!-- This site is optimized with the Yoast SEO plugin v27.2 - https:\/\/yoast.com\/product\/yoast-seo-wordpress\/ -->\n<title>IDEC GROUP ASIA VIETNAM coloca la 1\u00aa piedra de un parque industrial y log\u00edstico \u00fanico en Bac Ninh - GROUPE IDEC INTERNATIONAL<\/title>\n<meta name=\"robots\" content=\"index, follow, max-snippet:-1, max-image-preview:large, max-video-preview:-1\" \/>\n<link rel=\"canonical\" href=\"https:\/\/groupeidec-international.com\/es\/idec-group-asia-vietnam-coloca-la-1a-piedra-de-un-parque-industrial-y-logistico-unico-en-bac-ninh\/\" \/>\n<meta property=\"og:locale\" content=\"es_ES\" \/>\n<meta property=\"og:type\" content=\"article\" \/>\n<meta property=\"og:title\" content=\"IDEC GROUP ASIA VIETNAM coloca la 1\u00aa piedra de un parque industrial y log\u00edstico \u00fanico en Bac Ninh - GROUPE IDEC INTERNATIONAL\" \/>\n<meta property=\"og:description\" content=\"Mi\u00e9rcoles 13 de diciembre en Bac Ninh (Vietnam) IDEC GROUP ASIA VIETNAM coloca la primera piedra de un parque industrial y log\u00edstico singular en Bac Ninh e invit\u00f3 a sus...\" \/>\n<meta property=\"og:url\" content=\"https:\/\/groupeidec-international.com\/es\/idec-group-asia-vietnam-coloca-la-1a-piedra-de-un-parque-industrial-y-logistico-unico-en-bac-ninh\/\" \/>\n<meta property=\"og:site_name\" content=\"GROUPE IDEC INTERNATIONAL\" \/>\n<meta property=\"article:published_time\" content=\"2023-12-14T10:13:00+00:00\" \/>\n<meta property=\"article:modified_time\" content=\"2024-09-03T12:37:07+00:00\" \/>\n<meta property=\"og:image\" content=\"https:\/\/groupeidec-international.com\/wp-content\/uploads\/2024\/06\/GRIDASIA_Viglacera_Bac_Ninh_Vue_Aerienne_couverture-scaled-1.jpg\" \/>\n\t<meta property=\"og:image:width\" content=\"2560\" \/>\n\t<meta property=\"og:image:height\" content=\"1440\" \/>\n\t<meta property=\"og:image:type\" content=\"image\/jpeg\" \/>\n<meta name=\"author\" content=\"J-Michel\" \/>\n<meta name=\"twitter:card\" content=\"summary_large_image\" \/>\n<meta name=\"twitter:label1\" content=\"Escrito por\" \/>\n\t<meta name=\"twitter:data1\" content=\"J-Michel\" \/>\n\t<meta name=\"twitter:label2\" content=\"Tiempo de lectura\" \/>\n\t<meta name=\"twitter:data2\" content=\"5 minutos\" \/>\n<script type=\"application\/ld+json\" class=\"yoast-schema-graph\">{\"@context\":\"https:\/\/schema.org\",\"@graph\":[{\"@type\":\"Article\",\"@id\":\"https:\/\/groupeidec-international.com\/es\/idec-group-asia-vietnam-coloca-la-1a-piedra-de-un-parque-industrial-y-logistico-unico-en-bac-ninh\/#article\",\"isPartOf\":{\"@id\":\"https:\/\/groupeidec-international.com\/es\/idec-group-asia-vietnam-coloca-la-1a-piedra-de-un-parque-industrial-y-logistico-unico-en-bac-ninh\/\"},\"author\":{\"name\":\"J-Michel\",\"@id\":\"https:\/\/groupeidec-international.com\/es\/#\/schema\/person\/e9849822abbb269a7c4fc8673199c49d\"},\"headline\":\"IDEC GROUP ASIA VIETNAM coloca la 1\u00aa piedra de un parque industrial y log\u00edstico \u00fanico en Bac Ninh\",\"datePublished\":\"2023-12-14T10:13:00+00:00\",\"dateModified\":\"2024-09-03T12:37:07+00:00\",\"mainEntityOfPage\":{\"@id\":\"https:\/\/groupeidec-international.com\/es\/idec-group-asia-vietnam-coloca-la-1a-piedra-de-un-parque-industrial-y-logistico-unico-en-bac-ninh\/\"},\"wordCount\":810,\"publisher\":{\"@id\":\"https:\/\/groupeidec-international.com\/es\/#organization\"},\"image\":{\"@id\":\"https:\/\/groupeidec-international.com\/es\/idec-group-asia-vietnam-coloca-la-1a-piedra-de-un-parque-industrial-y-logistico-unico-en-bac-ninh\/#primaryimage\"},\"thumbnailUrl\":\"https:\/\/groupeidec-international.com\/wp-content\/uploads\/2024\/06\/GRIDASIA_Viglacera_Bac_Ninh_Vue_Aerienne_couverture-scaled-1.jpg\",\"keywords\":[\"Vietnam\"],\"articleSection\":[\"Planificaci\u00f3n\"],\"inLanguage\":\"es\"},{\"@type\":\"WebPage\",\"@id\":\"https:\/\/groupeidec-international.com\/es\/idec-group-asia-vietnam-coloca-la-1a-piedra-de-un-parque-industrial-y-logistico-unico-en-bac-ninh\/\",\"url\":\"https:\/\/groupeidec-international.com\/es\/idec-group-asia-vietnam-coloca-la-1a-piedra-de-un-parque-industrial-y-logistico-unico-en-bac-ninh\/\",\"name\":\"IDEC GROUP ASIA VIETNAM coloca la 1\u00aa piedra de un parque industrial y log\u00edstico \u00fanico en Bac Ninh - GROUPE IDEC INTERNATIONAL\",\"isPartOf\":{\"@id\":\"https:\/\/groupeidec-international.com\/es\/#website\"},\"primaryImageOfPage\":{\"@id\":\"https:\/\/groupeidec-international.com\/es\/idec-group-asia-vietnam-coloca-la-1a-piedra-de-un-parque-industrial-y-logistico-unico-en-bac-ninh\/#primaryimage\"},\"image\":{\"@id\":\"https:\/\/groupeidec-international.com\/es\/idec-group-asia-vietnam-coloca-la-1a-piedra-de-un-parque-industrial-y-logistico-unico-en-bac-ninh\/#primaryimage\"},\"thumbnailUrl\":\"https:\/\/groupeidec-international.com\/wp-content\/uploads\/2024\/06\/GRIDASIA_Viglacera_Bac_Ninh_Vue_Aerienne_couverture-scaled-1.jpg\",\"datePublished\":\"2023-12-14T10:13:00+00:00\",\"dateModified\":\"2024-09-03T12:37:07+00:00\",\"breadcrumb\":{\"@id\":\"https:\/\/groupeidec-international.com\/es\/idec-group-asia-vietnam-coloca-la-1a-piedra-de-un-parque-industrial-y-logistico-unico-en-bac-ninh\/#breadcrumb\"},\"inLanguage\":\"es\",\"potentialAction\":[{\"@type\":\"ReadAction\",\"target\":[\"https:\/\/groupeidec-international.com\/es\/idec-group-asia-vietnam-coloca-la-1a-piedra-de-un-parque-industrial-y-logistico-unico-en-bac-ninh\/\"]}]},{\"@type\":\"ImageObject\",\"inLanguage\":\"es\",\"@id\":\"https:\/\/groupeidec-international.com\/es\/idec-group-asia-vietnam-coloca-la-1a-piedra-de-un-parque-industrial-y-logistico-unico-en-bac-ninh\/#primaryimage\",\"url\":\"https:\/\/groupeidec-international.com\/wp-content\/uploads\/2024\/06\/GRIDASIA_Viglacera_Bac_Ninh_Vue_Aerienne_couverture-scaled-1.jpg\",\"contentUrl\":\"https:\/\/groupeidec-international.com\/wp-content\/uploads\/2024\/06\/GRIDASIA_Viglacera_Bac_Ninh_Vue_Aerienne_couverture-scaled-1.jpg\",\"width\":2560,\"height\":1440},{\"@type\":\"BreadcrumbList\",\"@id\":\"https:\/\/groupeidec-international.com\/es\/idec-group-asia-vietnam-coloca-la-1a-piedra-de-un-parque-industrial-y-logistico-unico-en-bac-ninh\/#breadcrumb\",\"itemListElement\":[{\"@type\":\"ListItem\",\"position\":1,\"name\":\"P\u00e1gina principal\",\"item\":\"https:\/\/groupeidec-international.com\/es\/\"},{\"@type\":\"ListItem\",\"position\":2,\"name\":\"Planificaci\u00f3n\",\"item\":\"https:\/\/groupeidec-international.com\/es\/categorias\/planificacion\/\"},{\"@type\":\"ListItem\",\"position\":3,\"name\":\"IDEC GROUP ASIA VIETNAM coloca la 1\u00aa piedra de un parque industrial y log\u00edstico \u00fanico en Bac Ninh\"}]},{\"@type\":\"WebSite\",\"@id\":\"https:\/\/groupeidec-international.com\/es\/#website\",\"url\":\"https:\/\/groupeidec-international.com\/es\/\",\"name\":\"GROUPE IDEC INTERNATIONAL\",\"description\":\"\",\"publisher\":{\"@id\":\"https:\/\/groupeidec-international.com\/es\/#organization\"},\"potentialAction\":[{\"@type\":\"SearchAction\",\"target\":{\"@type\":\"EntryPoint\",\"urlTemplate\":\"https:\/\/groupeidec-international.com\/es\/?s={search_term_string}\"},\"query-input\":{\"@type\":\"PropertyValueSpecification\",\"valueRequired\":true,\"valueName\":\"search_term_string\"}}],\"inLanguage\":\"es\"},{\"@type\":\"Organization\",\"@id\":\"https:\/\/groupeidec-international.com\/es\/#organization\",\"name\":\"GROUPE IDEC INTERNATIONAL\",\"url\":\"https:\/\/groupeidec-international.com\/es\/\",\"logo\":{\"@type\":\"ImageObject\",\"inLanguage\":\"es\",\"@id\":\"https:\/\/groupeidec-international.com\/es\/#\/schema\/logo\/image\/\",\"url\":\"https:\/\/groupeidec-international.com\/wp-content\/uploads\/2024\/04\/logo_groupe-idec-international_black_175x75.png\",\"contentUrl\":\"https:\/\/groupeidec-international.com\/wp-content\/uploads\/2024\/04\/logo_groupe-idec-international_black_175x75.png\",\"width\":175,\"height\":75,\"caption\":\"GROUPE IDEC INTERNATIONAL\"},\"image\":{\"@id\":\"https:\/\/groupeidec-international.com\/es\/#\/schema\/logo\/image\/\"},\"sameAs\":[\"https:\/\/www.linkedin.com\/company\/idec-group-iberica\/\"]},{\"@type\":\"Person\",\"@id\":\"https:\/\/groupeidec-international.com\/es\/#\/schema\/person\/e9849822abbb269a7c4fc8673199c49d\",\"name\":\"J-Michel\",\"image\":{\"@type\":\"ImageObject\",\"inLanguage\":\"es\",\"@id\":\"https:\/\/secure.gravatar.com\/avatar\/8112561cfb89241ffe7ea765b7ec7b5ac1b9e4657aa6f87aec6721658152e18b?s=96&d=mm&r=g\",\"url\":\"https:\/\/secure.gravatar.com\/avatar\/8112561cfb89241ffe7ea765b7ec7b5ac1b9e4657aa6f87aec6721658152e18b?s=96&d=mm&r=g\",\"contentUrl\":\"https:\/\/secure.gravatar.com\/avatar\/8112561cfb89241ffe7ea765b7ec7b5ac1b9e4657aa6f87aec6721658152e18b?s=96&d=mm&r=g\",\"caption\":\"J-Michel\"},\"sameAs\":[\"https:\/\/groupeidec-international.com\"]}]}<\/script>\n<!-- \/ Yoast SEO plugin. -->","yoast_head_json":{"title":"IDEC GROUP ASIA VIETNAM coloca la 1\u00aa piedra de un parque industrial y log\u00edstico \u00fanico en Bac Ninh - GROUPE IDEC INTERNATIONAL","robots":{"index":"index","follow":"follow","max-snippet":"max-snippet:-1","max-image-preview":"max-image-preview:large","max-video-preview":"max-video-preview:-1"},"canonical":"https:\/\/groupeidec-international.com\/es\/idec-group-asia-vietnam-coloca-la-1a-piedra-de-un-parque-industrial-y-logistico-unico-en-bac-ninh\/","og_locale":"es_ES","og_type":"article","og_title":"IDEC GROUP ASIA VIETNAM coloca la 1\u00aa piedra de un parque industrial y log\u00edstico \u00fanico en Bac Ninh - GROUPE IDEC INTERNATIONAL","og_description":"Mi\u00e9rcoles 13 de diciembre en Bac Ninh (Vietnam) IDEC GROUP ASIA VIETNAM coloca la primera piedra de un parque industrial y log\u00edstico singular en Bac Ninh e invit\u00f3 a sus...","og_url":"https:\/\/groupeidec-international.com\/es\/idec-group-asia-vietnam-coloca-la-1a-piedra-de-un-parque-industrial-y-logistico-unico-en-bac-ninh\/","og_site_name":"GROUPE IDEC INTERNATIONAL","article_published_time":"2023-12-14T10:13:00+00:00","article_modified_time":"2024-09-03T12:37:07+00:00","og_image":[{"width":2560,"height":1440,"url":"https:\/\/groupeidec-international.com\/wp-content\/uploads\/2024\/06\/GRIDASIA_Viglacera_Bac_Ninh_Vue_Aerienne_couverture-scaled-1.jpg","type":"image\/jpeg"}],"author":"J-Michel","twitter_card":"summary_large_image","twitter_misc":{"Escrito por":"J-Michel","Tiempo de lectura":"5 minutos"},"schema":{"@context":"https:\/\/schema.org","@graph":[{"@type":"Article","@id":"https:\/\/groupeidec-international.com\/es\/idec-group-asia-vietnam-coloca-la-1a-piedra-de-un-parque-industrial-y-logistico-unico-en-bac-ninh\/#article","isPartOf":{"@id":"https:\/\/groupeidec-international.com\/es\/idec-group-asia-vietnam-coloca-la-1a-piedra-de-un-parque-industrial-y-logistico-unico-en-bac-ninh\/"},"author":{"name":"J-Michel","@id":"https:\/\/groupeidec-international.com\/es\/#\/schema\/person\/e9849822abbb269a7c4fc8673199c49d"},"headline":"IDEC GROUP ASIA VIETNAM coloca la 1\u00aa piedra de un parque industrial y log\u00edstico \u00fanico en Bac Ninh","datePublished":"2023-12-14T10:13:00+00:00","dateModified":"2024-09-03T12:37:07+00:00","mainEntityOfPage":{"@id":"https:\/\/groupeidec-international.com\/es\/idec-group-asia-vietnam-coloca-la-1a-piedra-de-un-parque-industrial-y-logistico-unico-en-bac-ninh\/"},"wordCount":810,"publisher":{"@id":"https:\/\/groupeidec-international.com\/es\/#organization"},"image":{"@id":"https:\/\/groupeidec-international.com\/es\/idec-group-asia-vietnam-coloca-la-1a-piedra-de-un-parque-industrial-y-logistico-unico-en-bac-ninh\/#primaryimage"},"thumbnailUrl":"https:\/\/groupeidec-international.com\/wp-content\/uploads\/2024\/06\/GRIDASIA_Viglacera_Bac_Ninh_Vue_Aerienne_couverture-scaled-1.jpg","keywords":["Vietnam"],"articleSection":["Planificaci\u00f3n"],"inLanguage":"es"},{"@type":"WebPage","@id":"https:\/\/groupeidec-international.com\/es\/idec-group-asia-vietnam-coloca-la-1a-piedra-de-un-parque-industrial-y-logistico-unico-en-bac-ninh\/","url":"https:\/\/groupeidec-international.com\/es\/idec-group-asia-vietnam-coloca-la-1a-piedra-de-un-parque-industrial-y-logistico-unico-en-bac-ninh\/","name":"IDEC GROUP ASIA VIETNAM coloca la 1\u00aa piedra de un parque industrial y log\u00edstico \u00fanico en Bac Ninh - GROUPE IDEC INTERNATIONAL","isPartOf":{"@id":"https:\/\/groupeidec-international.com\/es\/#website"},"primaryImageOfPage":{"@id":"https:\/\/groupeidec-international.com\/es\/idec-group-asia-vietnam-coloca-la-1a-piedra-de-un-parque-industrial-y-logistico-unico-en-bac-ninh\/#primaryimage"},"image":{"@id":"https:\/\/groupeidec-international.com\/es\/idec-group-asia-vietnam-coloca-la-1a-piedra-de-un-parque-industrial-y-logistico-unico-en-bac-ninh\/#primaryimage"},"thumbnailUrl":"https:\/\/groupeidec-international.com\/wp-content\/uploads\/2024\/06\/GRIDASIA_Viglacera_Bac_Ninh_Vue_Aerienne_couverture-scaled-1.jpg","datePublished":"2023-12-14T10:13:00+00:00","dateModified":"2024-09-03T12:37:07+00:00","breadcrumb":{"@id":"https:\/\/groupeidec-international.com\/es\/idec-group-asia-vietnam-coloca-la-1a-piedra-de-un-parque-industrial-y-logistico-unico-en-bac-ninh\/#breadcrumb"},"inLanguage":"es","potentialAction":[{"@type":"ReadAction","target":["https:\/\/groupeidec-international.com\/es\/idec-group-asia-vietnam-coloca-la-1a-piedra-de-un-parque-industrial-y-logistico-unico-en-bac-ninh\/"]}]},{"@type":"ImageObject","inLanguage":"es","@id":"https:\/\/groupeidec-international.com\/es\/idec-group-asia-vietnam-coloca-la-1a-piedra-de-un-parque-industrial-y-logistico-unico-en-bac-ninh\/#primaryimage","url":"https:\/\/groupeidec-international.com\/wp-content\/uploads\/2024\/06\/GRIDASIA_Viglacera_Bac_Ninh_Vue_Aerienne_couverture-scaled-1.jpg","contentUrl":"https:\/\/groupeidec-international.com\/wp-content\/uploads\/2024\/06\/GRIDASIA_Viglacera_Bac_Ninh_Vue_Aerienne_couverture-scaled-1.jpg","width":2560,"height":1440},{"@type":"BreadcrumbList","@id":"https:\/\/groupeidec-international.com\/es\/idec-group-asia-vietnam-coloca-la-1a-piedra-de-un-parque-industrial-y-logistico-unico-en-bac-ninh\/#breadcrumb","itemListElement":[{"@type":"ListItem","position":1,"name":"P\u00e1gina principal","item":"https:\/\/groupeidec-international.com\/es\/"},{"@type":"ListItem","position":2,"name":"Planificaci\u00f3n","item":"https:\/\/groupeidec-international.com\/es\/categorias\/planificacion\/"},{"@type":"ListItem","position":3,"name":"IDEC GROUP ASIA VIETNAM coloca la 1\u00aa piedra de un parque industrial y log\u00edstico \u00fanico en Bac Ninh"}]},{"@type":"WebSite","@id":"https:\/\/groupeidec-international.com\/es\/#website","url":"https:\/\/groupeidec-international.com\/es\/","name":"GROUPE IDEC INTERNATIONAL","description":"","publisher":{"@id":"https:\/\/groupeidec-international.com\/es\/#organization"},"potentialAction":[{"@type":"SearchAction","target":{"@type":"EntryPoint","urlTemplate":"https:\/\/groupeidec-international.com\/es\/?s={search_term_string}"},"query-input":{"@type":"PropertyValueSpecification","valueRequired":true,"valueName":"search_term_string"}}],"inLanguage":"es"},{"@type":"Organization","@id":"https:\/\/groupeidec-international.com\/es\/#organization","name":"GROUPE IDEC INTERNATIONAL","url":"https:\/\/groupeidec-international.com\/es\/","logo":{"@type":"ImageObject","inLanguage":"es","@id":"https:\/\/groupeidec-international.com\/es\/#\/schema\/logo\/image\/","url":"https:\/\/groupeidec-international.com\/wp-content\/uploads\/2024\/04\/logo_groupe-idec-international_black_175x75.png","contentUrl":"https:\/\/groupeidec-international.com\/wp-content\/uploads\/2024\/04\/logo_groupe-idec-international_black_175x75.png","width":175,"height":75,"caption":"GROUPE IDEC INTERNATIONAL"},"image":{"@id":"https:\/\/groupeidec-international.com\/es\/#\/schema\/logo\/image\/"},"sameAs":["https:\/\/www.linkedin.com\/company\/idec-group-iberica\/"]},{"@type":"Person","@id":"https:\/\/groupeidec-international.com\/es\/#\/schema\/person\/e9849822abbb269a7c4fc8673199c49d","name":"J-Michel","image":{"@type":"ImageObject","inLanguage":"es","@id":"https:\/\/secure.gravatar.com\/avatar\/8112561cfb89241ffe7ea765b7ec7b5ac1b9e4657aa6f87aec6721658152e18b?s=96&d=mm&r=g","url":"https:\/\/secure.gravatar.com\/avatar\/8112561cfb89241ffe7ea765b7ec7b5ac1b9e4657aa6f87aec6721658152e18b?s=96&d=mm&r=g","contentUrl":"https:\/\/secure.gravatar.com\/avatar\/8112561cfb89241ffe7ea765b7ec7b5ac1b9e4657aa6f87aec6721658152e18b?s=96&d=mm&r=g","caption":"J-Michel"},"sameAs":["https:\/\/groupeidec-international.com"]}]}},"_links":{"self":[{"href":"https:\/\/groupeidec-international.com\/es\/wp-json\/wp\/v2\/posts\/6953","targetHints":{"allow":["GET"]}}],"collection":[{"href":"https:\/\/groupeidec-international.com\/es\/wp-json\/wp\/v2\/posts"}],"about":[{"href":"https:\/\/groupeidec-international.com\/es\/wp-json\/wp\/v2\/types\/post"}],"author":[{"embeddable":true,"href":"https:\/\/groupeidec-international.com\/es\/wp-json\/wp\/v2\/users\/1"}],"replies":[{"embeddable":true,"href":"https:\/\/groupeidec-international.com\/es\/wp-json\/wp\/v2\/comments?post=6953"}],"version-history":[{"count":3,"href":"https:\/\/groupeidec-international.com\/es\/wp-json\/wp\/v2\/posts\/6953\/revisions"}],"predecessor-version":[{"id":7748,"href":"https:\/\/groupeidec-international.com\/es\/wp-json\/wp\/v2\/posts\/6953\/revisions\/7748"}],"wp:featuredmedia":[{"embeddable":true,"href":"https:\/\/groupeidec-international.com\/es\/wp-json\/wp\/v2\/media\/1488"}],"wp:attachment":[{"href":"https:\/\/groupeidec-international.com\/es\/wp-json\/wp\/v2\/media?parent=6953"}],"wp:term":[{"taxonomy":"category","embeddable":true,"href":"https:\/\/groupeidec-international.com\/es\/wp-json\/wp\/v2\/categories?post=6953"},{"taxonomy":"post_tag","embeddable":true,"href":"https:\/\/groupeidec-international.com\/es\/wp-json\/wp\/v2\/tags?post=6953"}],"curies":[{"name":"wp","href":"https:\/\/api.w.org\/{rel}","templated":true}]}}