{"id":8024,"date":"2024-11-12T11:32:38","date_gmt":"2024-11-12T10:32:38","guid":{"rendered":"https:\/\/groupeidec-international.com\/?p=8024"},"modified":"2024-11-20T16:03:32","modified_gmt":"2024-11-20T15:03:32","slug":"idec-group-iberica-presenta-los-avances-del-puerto-seco-de-antequera-y-sus-desafios-estrategicos","status":"publish","type":"post","link":"https:\/\/groupeidec-international.com\/es\/idec-group-iberica-presenta-los-avances-del-puerto-seco-de-antequera-y-sus-desafios-estrategicos\/","title":{"rendered":"IDEC GROUP IBERICA PRESENTA LOS AVANCES DEL PUERTO SECO DE ANTEQUERA Y SUS DESAF\u00cdOS ESTRAT\u00c9GICOS"},"content":{"rendered":"\n<p><strong>El 7 de noviembre de 2024, IDEC GROUP IBERICA organiz\u00f3 una jornada de intercambio en Antequera, donde los principales actores de la log\u00edstica portuaria, ferroviaria y del sector p\u00fablico se reunieron para conocer los avances del Puerto Seco de Antequera, un ambicioso proyecto impulsado por IDEC GROUP IBERICA.<\/strong><\/p>\n\n\n\n<div style=\"height:40px\" aria-hidden=\"true\" class=\"wp-block-spacer\"><\/div>\n\n\n\n<p><strong>UN ENCUENTRO CONSTRUCTIVO EN ANTEQUERA<br><\/strong><br>La jornada comenz\u00f3 con un desayuno en el Museo de la Ciudad de Antequera, reuniendo a personalidades como <strong>Manuel Bar\u00f3n<\/strong> (Alcalde de Antequera), <strong>Juan Jos\u00e9 Sibina<\/strong> (Gerente de la Asociaci\u00f3n de Consignatarios de Buques y Empresas Portuarias de M\u00e1laga), y <strong>C\u00e9sar L. Cegarra<\/strong> (Presidente de CEAMAR) as\u00ed como representantes de grandes empresas del sector log\u00edstico y ferroviario. El evento permiti\u00f3 resaltar los desaf\u00edos de este parque log\u00edstico, que ser\u00e1 operativo en 2026.<\/p>\n\n\n\n<p>A continuaci\u00f3n, se realiz\u00f3 una visita al sitio, brindando a los participantes la oportunidad de conocer las infraestructuras actuales y las primeras etapas de su desarrollo. El Puerto Seco de Antequera, como extensi\u00f3n natural de los puertos de M\u00e1laga y Algeciras, responde a una necesidad estrat\u00e9gica crucial: apoyar el crecimiento de la industria log\u00edstica, especialmente en la gesti\u00f3n de productos frescos y perecederos. El objetivo es crear una plataforma log\u00edstica intermodal que permita una mejor conexi\u00f3n de los puertos de la regi\u00f3n con las redes de transporte ferroviario.<\/p>\n\n\n\n<figure class=\"wp-block-image size-large\"><img loading=\"lazy\" decoding=\"async\" width=\"1024\" height=\"576\" src=\"https:\/\/groupeidec-international.com\/wp-content\/uploads\/2024\/11\/77cdb619-dd19-4a01-983a-25b6c2ffbba0-1024x576.jpeg\" alt=\"\" class=\"wp-image-8012\" srcset=\"https:\/\/groupeidec-international.com\/wp-content\/uploads\/2024\/11\/77cdb619-dd19-4a01-983a-25b6c2ffbba0-1024x576.jpeg 1024w, https:\/\/groupeidec-international.com\/wp-content\/uploads\/2024\/11\/77cdb619-dd19-4a01-983a-25b6c2ffbba0-300x169.jpeg 300w, https:\/\/groupeidec-international.com\/wp-content\/uploads\/2024\/11\/77cdb619-dd19-4a01-983a-25b6c2ffbba0-768x432.jpeg 768w, https:\/\/groupeidec-international.com\/wp-content\/uploads\/2024\/11\/77cdb619-dd19-4a01-983a-25b6c2ffbba0-1536x864.jpeg 1536w, https:\/\/groupeidec-international.com\/wp-content\/uploads\/2024\/11\/77cdb619-dd19-4a01-983a-25b6c2ffbba0-2048x1152.jpeg 2048w\" sizes=\"auto, (max-width: 1024px) 100vw, 1024px\" \/><\/figure>\n\n\n\n<p><em>(Cr\u00e9dito fotogr\u00e1fico: Ayuntamiento de Antequera)<\/em><\/p>\n\n\n\n<div style=\"height:45px\" aria-hidden=\"true\" class=\"wp-block-spacer\"><\/div>\n\n\n\n<p><strong>UN PARQUE LOG\u00cdSTICO DE REFERENCIA EN EL CORAZ\u00d3N DE ANDALUC\u00cdA<br><\/strong><br>El Puerto Seco de Antequera est\u00e1 estrat\u00e9gicamente ubicado en el cruce de varios ejes importantes del sur de Espa\u00f1a, ofreciendo conexiones ferroviarias directas a los puertos de M\u00e1laga y Algeciras. Este proyecto se destaca por su capacidad para afrontar los retos de la log\u00edstica intermodal, con infraestructuras que facilitan la optimizaci\u00f3n del transporte sostenible de mercanc\u00edas. Gracias a estas conexiones, el sitio ofrecer\u00e1 una alternativa al transporte por carretera, contribuyendo a la reducci\u00f3n de la huella de carbono de la regi\u00f3n.<\/p>\n\n\n\n<div style=\"height:44px\" aria-hidden=\"true\" class=\"wp-block-spacer\"><\/div>\n\n\n\n<p><strong>IDEC GROUP IBERICA: UNA EXPERTICIA DE 25 A\u00d1OS PARA UN DESARROLLO SOSTENIBLE<br><\/strong><br>Con m\u00e1s de 25 a\u00f1os de experiencia en la gesti\u00f3n del fr\u00edo, incluyendo tritemperatura, IDEC GROUP IBERICA se enorgullece de liderar este proyecto. El sitio contar\u00e1 con nuestras avanzadas soluciones de refrigeraci\u00f3n, que garantizar\u00e1n la adecuada conservaci\u00f3n de los productos frescos, as\u00ed como energ\u00eda verde y renovable producida en el propio parque, asegurando la sostenibilidad del proyecto. Estas innovaciones responden a las crecientes demandas de las empresas por una log\u00edstica respetuosa con el medio ambiente.<\/p>\n\n\n\n<p><br>En colaboraci\u00f3n con Ontime Logistics, que instalar\u00e1 20.000 m\u00b2 de almacenes frigor\u00edficos para 2026, el Puerto Seco de Antequera se consolidar\u00e1 como uno de los centros log\u00edsticos m\u00e1s grandes de la regi\u00f3n, reforzando as\u00ed el papel estrat\u00e9gico de Andaluc\u00eda en el sector log\u00edstico del sur de Espa\u00f1a. Este proyecto es un verdadero motor de crecimiento econ\u00f3mico e innovaci\u00f3n para la regi\u00f3n.<\/p>\n\n\n\n<p><\/p>\n\n\n\n<div style=\"height:54px\" aria-hidden=\"true\" class=\"wp-block-spacer\"><\/div>\n\n\n\n<p>Nos enorgullece ver que este proyecto, iniciado hace m\u00e1s de 20 a\u00f1os, est\u00e1 hoy en plena fase de desarrollo, gracias a la colaboraci\u00f3n con la Junta de Andaluc\u00eda, el municipio de Antequera y todos los socios regionales. Juntos, hacemos del Puerto Seco de Antequera un actor clave en el desarrollo econ\u00f3mico y log\u00edstico de Andaluc\u00eda.<\/p>\n","protected":false},"excerpt":{"rendered":"<p>El 7 de noviembre de 2024, IDEC GROUP IBERICA organiz\u00f3 una jornada de intercambio en Antequera, donde los principales actores de la log\u00edstica portuaria, ferroviaria y del sector p\u00fablico se&#8230;<\/p>\n","protected":false},"author":5,"featured_media":8004,"comment_status":"closed","ping_status":"closed","sticky":false,"template":"","format":"standard","meta":{"footnotes":""},"categories":[65,69,67,74],"tags":[123],"class_list":{"0":"post-8024","1":"post","2":"type-post","3":"status-publish","4":"format-standard","5":"has-post-thumbnail","7":"category-evento","8":"category-presse","9":"category-projets","10":"category-proyectos","11":"tag-espana-es"},"yoast_head":"<!-- This site is optimized with the Yoast SEO plugin v27.2 - https:\/\/yoast.com\/product\/yoast-seo-wordpress\/ -->\n<title>IDEC GROUP IBERICA PRESENTA LOS AVANCES DEL PUERTO SECO DE ANTEQUERA Y SUS DESAF\u00cdOS ESTRAT\u00c9GICOS - GROUPE IDEC INTERNATIONAL<\/title>\n<meta name=\"robots\" content=\"index, follow, max-snippet:-1, max-image-preview:large, max-video-preview:-1\" \/>\n<link rel=\"canonical\" href=\"https:\/\/groupeidec-international.com\/es\/idec-group-iberica-presenta-los-avances-del-puerto-seco-de-antequera-y-sus-desafios-estrategicos\/\" \/>\n<meta property=\"og:locale\" content=\"es_ES\" \/>\n<meta property=\"og:type\" content=\"article\" \/>\n<meta property=\"og:title\" content=\"IDEC GROUP IBERICA PRESENTA LOS AVANCES DEL PUERTO SECO DE ANTEQUERA Y SUS DESAF\u00cdOS ESTRAT\u00c9GICOS - GROUPE IDEC INTERNATIONAL\" \/>\n<meta property=\"og:description\" content=\"El 7 de noviembre de 2024, IDEC GROUP IBERICA organiz\u00f3 una jornada de intercambio en Antequera, donde los principales actores de la log\u00edstica portuaria, ferroviaria y del sector p\u00fablico se...\" \/>\n<meta property=\"og:url\" content=\"https:\/\/groupeidec-international.com\/es\/idec-group-iberica-presenta-los-avances-del-puerto-seco-de-antequera-y-sus-desafios-estrategicos\/\" \/>\n<meta property=\"og:site_name\" content=\"GROUPE IDEC INTERNATIONAL\" \/>\n<meta property=\"article:published_time\" content=\"2024-11-12T10:32:38+00:00\" \/>\n<meta property=\"article:modified_time\" content=\"2024-11-20T15:03:32+00:00\" \/>\n<meta property=\"og:image\" content=\"https:\/\/groupeidec-international.com\/wp-content\/uploads\/2024\/11\/2dc8873a-a7b6-4670-be06-49f6d6ee96a4-scaled-e1731406464333.jpeg\" \/>\n\t<meta property=\"og:image:width\" content=\"2560\" \/>\n\t<meta property=\"og:image:height\" content=\"1440\" \/>\n\t<meta property=\"og:image:type\" content=\"image\/jpeg\" \/>\n<meta name=\"author\" content=\"Philippine Deluol\" \/>\n<meta name=\"twitter:card\" content=\"summary_large_image\" \/>\n<meta name=\"twitter:label1\" content=\"Escrito por\" \/>\n\t<meta name=\"twitter:data1\" content=\"Philippine Deluol\" \/>\n\t<meta name=\"twitter:label2\" content=\"Tiempo de lectura\" \/>\n\t<meta name=\"twitter:data2\" content=\"4 minutos\" \/>\n<script type=\"application\/ld+json\" class=\"yoast-schema-graph\">{\"@context\":\"https:\/\/schema.org\",\"@graph\":[{\"@type\":\"Article\",\"@id\":\"https:\/\/groupeidec-international.com\/es\/idec-group-iberica-presenta-los-avances-del-puerto-seco-de-antequera-y-sus-desafios-estrategicos\/#article\",\"isPartOf\":{\"@id\":\"https:\/\/groupeidec-international.com\/es\/idec-group-iberica-presenta-los-avances-del-puerto-seco-de-antequera-y-sus-desafios-estrategicos\/\"},\"author\":{\"name\":\"Philippine Deluol\",\"@id\":\"https:\/\/groupeidec-international.com\/es\/#\/schema\/person\/dd31ecb9878d7d14fa8dd15446870654\"},\"headline\":\"IDEC GROUP IBERICA PRESENTA LOS AVANCES DEL PUERTO SECO DE ANTEQUERA Y SUS DESAF\u00cdOS ESTRAT\u00c9GICOS\",\"datePublished\":\"2024-11-12T10:32:38+00:00\",\"dateModified\":\"2024-11-20T15:03:32+00:00\",\"mainEntityOfPage\":{\"@id\":\"https:\/\/groupeidec-international.com\/es\/idec-group-iberica-presenta-los-avances-del-puerto-seco-de-antequera-y-sus-desafios-estrategicos\/\"},\"wordCount\":581,\"publisher\":{\"@id\":\"https:\/\/groupeidec-international.com\/es\/#organization\"},\"image\":{\"@id\":\"https:\/\/groupeidec-international.com\/es\/idec-group-iberica-presenta-los-avances-del-puerto-seco-de-antequera-y-sus-desafios-estrategicos\/#primaryimage\"},\"thumbnailUrl\":\"https:\/\/groupeidec-international.com\/wp-content\/uploads\/2024\/11\/2dc8873a-a7b6-4670-be06-49f6d6ee96a4-scaled-e1731406464333.jpeg\",\"keywords\":[\"Espa\u00f1a\"],\"articleSection\":[\"Evento\",\"Presse\",\"Projets\",\"Proyectos\"],\"inLanguage\":\"es\"},{\"@type\":\"WebPage\",\"@id\":\"https:\/\/groupeidec-international.com\/es\/idec-group-iberica-presenta-los-avances-del-puerto-seco-de-antequera-y-sus-desafios-estrategicos\/\",\"url\":\"https:\/\/groupeidec-international.com\/es\/idec-group-iberica-presenta-los-avances-del-puerto-seco-de-antequera-y-sus-desafios-estrategicos\/\",\"name\":\"IDEC GROUP IBERICA PRESENTA LOS AVANCES DEL PUERTO SECO DE ANTEQUERA Y SUS DESAF\u00cdOS ESTRAT\u00c9GICOS - GROUPE IDEC INTERNATIONAL\",\"isPartOf\":{\"@id\":\"https:\/\/groupeidec-international.com\/es\/#website\"},\"primaryImageOfPage\":{\"@id\":\"https:\/\/groupeidec-international.com\/es\/idec-group-iberica-presenta-los-avances-del-puerto-seco-de-antequera-y-sus-desafios-estrategicos\/#primaryimage\"},\"image\":{\"@id\":\"https:\/\/groupeidec-international.com\/es\/idec-group-iberica-presenta-los-avances-del-puerto-seco-de-antequera-y-sus-desafios-estrategicos\/#primaryimage\"},\"thumbnailUrl\":\"https:\/\/groupeidec-international.com\/wp-content\/uploads\/2024\/11\/2dc8873a-a7b6-4670-be06-49f6d6ee96a4-scaled-e1731406464333.jpeg\",\"datePublished\":\"2024-11-12T10:32:38+00:00\",\"dateModified\":\"2024-11-20T15:03:32+00:00\",\"breadcrumb\":{\"@id\":\"https:\/\/groupeidec-international.com\/es\/idec-group-iberica-presenta-los-avances-del-puerto-seco-de-antequera-y-sus-desafios-estrategicos\/#breadcrumb\"},\"inLanguage\":\"es\",\"potentialAction\":[{\"@type\":\"ReadAction\",\"target\":[\"https:\/\/groupeidec-international.com\/es\/idec-group-iberica-presenta-los-avances-del-puerto-seco-de-antequera-y-sus-desafios-estrategicos\/\"]}]},{\"@type\":\"ImageObject\",\"inLanguage\":\"es\",\"@id\":\"https:\/\/groupeidec-international.com\/es\/idec-group-iberica-presenta-los-avances-del-puerto-seco-de-antequera-y-sus-desafios-estrategicos\/#primaryimage\",\"url\":\"https:\/\/groupeidec-international.com\/wp-content\/uploads\/2024\/11\/2dc8873a-a7b6-4670-be06-49f6d6ee96a4-scaled-e1731406464333.jpeg\",\"contentUrl\":\"https:\/\/groupeidec-international.com\/wp-content\/uploads\/2024\/11\/2dc8873a-a7b6-4670-be06-49f6d6ee96a4-scaled-e1731406464333.jpeg\",\"width\":2560,\"height\":1440},{\"@type\":\"BreadcrumbList\",\"@id\":\"https:\/\/groupeidec-international.com\/es\/idec-group-iberica-presenta-los-avances-del-puerto-seco-de-antequera-y-sus-desafios-estrategicos\/#breadcrumb\",\"itemListElement\":[{\"@type\":\"ListItem\",\"position\":1,\"name\":\"P\u00e1gina principal\",\"item\":\"https:\/\/groupeidec-international.com\/es\/\"},{\"@type\":\"ListItem\",\"position\":2,\"name\":\"Evento\",\"item\":\"https:\/\/groupeidec-international.com\/es\/categorias\/evento\/\"},{\"@type\":\"ListItem\",\"position\":3,\"name\":\"IDEC GROUP IBERICA PRESENTA LOS AVANCES DEL PUERTO SECO DE ANTEQUERA Y SUS DESAF\u00cdOS ESTRAT\u00c9GICOS\"}]},{\"@type\":\"WebSite\",\"@id\":\"https:\/\/groupeidec-international.com\/es\/#website\",\"url\":\"https:\/\/groupeidec-international.com\/es\/\",\"name\":\"GROUPE IDEC INTERNATIONAL\",\"description\":\"\",\"publisher\":{\"@id\":\"https:\/\/groupeidec-international.com\/es\/#organization\"},\"potentialAction\":[{\"@type\":\"SearchAction\",\"target\":{\"@type\":\"EntryPoint\",\"urlTemplate\":\"https:\/\/groupeidec-international.com\/es\/?s={search_term_string}\"},\"query-input\":{\"@type\":\"PropertyValueSpecification\",\"valueRequired\":true,\"valueName\":\"search_term_string\"}}],\"inLanguage\":\"es\"},{\"@type\":\"Organization\",\"@id\":\"https:\/\/groupeidec-international.com\/es\/#organization\",\"name\":\"GROUPE IDEC INTERNATIONAL\",\"url\":\"https:\/\/groupeidec-international.com\/es\/\",\"logo\":{\"@type\":\"ImageObject\",\"inLanguage\":\"es\",\"@id\":\"https:\/\/groupeidec-international.com\/es\/#\/schema\/logo\/image\/\",\"url\":\"https:\/\/groupeidec-international.com\/wp-content\/uploads\/2024\/04\/logo_groupe-idec-international_black_175x75.png\",\"contentUrl\":\"https:\/\/groupeidec-international.com\/wp-content\/uploads\/2024\/04\/logo_groupe-idec-international_black_175x75.png\",\"width\":175,\"height\":75,\"caption\":\"GROUPE IDEC INTERNATIONAL\"},\"image\":{\"@id\":\"https:\/\/groupeidec-international.com\/es\/#\/schema\/logo\/image\/\"},\"sameAs\":[\"https:\/\/www.linkedin.com\/company\/idec-group-iberica\/\"]},{\"@type\":\"Person\",\"@id\":\"https:\/\/groupeidec-international.com\/es\/#\/schema\/person\/dd31ecb9878d7d14fa8dd15446870654\",\"name\":\"Philippine Deluol\",\"image\":{\"@type\":\"ImageObject\",\"inLanguage\":\"es\",\"@id\":\"https:\/\/secure.gravatar.com\/avatar\/2f6baecdd7af951c5a3ff97da47e90a59734a500b04859fb93a50438efbfa574?s=96&d=mm&r=g\",\"url\":\"https:\/\/secure.gravatar.com\/avatar\/2f6baecdd7af951c5a3ff97da47e90a59734a500b04859fb93a50438efbfa574?s=96&d=mm&r=g\",\"contentUrl\":\"https:\/\/secure.gravatar.com\/avatar\/2f6baecdd7af951c5a3ff97da47e90a59734a500b04859fb93a50438efbfa574?s=96&d=mm&r=g\",\"caption\":\"Philippine Deluol\"}}]}<\/script>\n<!-- \/ Yoast SEO plugin. -->","yoast_head_json":{"title":"IDEC GROUP IBERICA PRESENTA LOS AVANCES DEL PUERTO SECO DE ANTEQUERA Y SUS DESAF\u00cdOS ESTRAT\u00c9GICOS - GROUPE IDEC INTERNATIONAL","robots":{"index":"index","follow":"follow","max-snippet":"max-snippet:-1","max-image-preview":"max-image-preview:large","max-video-preview":"max-video-preview:-1"},"canonical":"https:\/\/groupeidec-international.com\/es\/idec-group-iberica-presenta-los-avances-del-puerto-seco-de-antequera-y-sus-desafios-estrategicos\/","og_locale":"es_ES","og_type":"article","og_title":"IDEC GROUP IBERICA PRESENTA LOS AVANCES DEL PUERTO SECO DE ANTEQUERA Y SUS DESAF\u00cdOS ESTRAT\u00c9GICOS - GROUPE IDEC INTERNATIONAL","og_description":"El 7 de noviembre de 2024, IDEC GROUP IBERICA organiz\u00f3 una jornada de intercambio en Antequera, donde los principales actores de la log\u00edstica portuaria, ferroviaria y del sector p\u00fablico se...","og_url":"https:\/\/groupeidec-international.com\/es\/idec-group-iberica-presenta-los-avances-del-puerto-seco-de-antequera-y-sus-desafios-estrategicos\/","og_site_name":"GROUPE IDEC INTERNATIONAL","article_published_time":"2024-11-12T10:32:38+00:00","article_modified_time":"2024-11-20T15:03:32+00:00","og_image":[{"width":2560,"height":1440,"url":"https:\/\/groupeidec-international.com\/wp-content\/uploads\/2024\/11\/2dc8873a-a7b6-4670-be06-49f6d6ee96a4-scaled-e1731406464333.jpeg","type":"image\/jpeg"}],"author":"Philippine Deluol","twitter_card":"summary_large_image","twitter_misc":{"Escrito por":"Philippine Deluol","Tiempo de lectura":"4 minutos"},"schema":{"@context":"https:\/\/schema.org","@graph":[{"@type":"Article","@id":"https:\/\/groupeidec-international.com\/es\/idec-group-iberica-presenta-los-avances-del-puerto-seco-de-antequera-y-sus-desafios-estrategicos\/#article","isPartOf":{"@id":"https:\/\/groupeidec-international.com\/es\/idec-group-iberica-presenta-los-avances-del-puerto-seco-de-antequera-y-sus-desafios-estrategicos\/"},"author":{"name":"Philippine Deluol","@id":"https:\/\/groupeidec-international.com\/es\/#\/schema\/person\/dd31ecb9878d7d14fa8dd15446870654"},"headline":"IDEC GROUP IBERICA PRESENTA LOS AVANCES DEL PUERTO SECO DE ANTEQUERA Y SUS DESAF\u00cdOS ESTRAT\u00c9GICOS","datePublished":"2024-11-12T10:32:38+00:00","dateModified":"2024-11-20T15:03:32+00:00","mainEntityOfPage":{"@id":"https:\/\/groupeidec-international.com\/es\/idec-group-iberica-presenta-los-avances-del-puerto-seco-de-antequera-y-sus-desafios-estrategicos\/"},"wordCount":581,"publisher":{"@id":"https:\/\/groupeidec-international.com\/es\/#organization"},"image":{"@id":"https:\/\/groupeidec-international.com\/es\/idec-group-iberica-presenta-los-avances-del-puerto-seco-de-antequera-y-sus-desafios-estrategicos\/#primaryimage"},"thumbnailUrl":"https:\/\/groupeidec-international.com\/wp-content\/uploads\/2024\/11\/2dc8873a-a7b6-4670-be06-49f6d6ee96a4-scaled-e1731406464333.jpeg","keywords":["Espa\u00f1a"],"articleSection":["Evento","Presse","Projets","Proyectos"],"inLanguage":"es"},{"@type":"WebPage","@id":"https:\/\/groupeidec-international.com\/es\/idec-group-iberica-presenta-los-avances-del-puerto-seco-de-antequera-y-sus-desafios-estrategicos\/","url":"https:\/\/groupeidec-international.com\/es\/idec-group-iberica-presenta-los-avances-del-puerto-seco-de-antequera-y-sus-desafios-estrategicos\/","name":"IDEC GROUP IBERICA PRESENTA LOS AVANCES DEL PUERTO SECO DE ANTEQUERA Y SUS DESAF\u00cdOS ESTRAT\u00c9GICOS - GROUPE IDEC INTERNATIONAL","isPartOf":{"@id":"https:\/\/groupeidec-international.com\/es\/#website"},"primaryImageOfPage":{"@id":"https:\/\/groupeidec-international.com\/es\/idec-group-iberica-presenta-los-avances-del-puerto-seco-de-antequera-y-sus-desafios-estrategicos\/#primaryimage"},"image":{"@id":"https:\/\/groupeidec-international.com\/es\/idec-group-iberica-presenta-los-avances-del-puerto-seco-de-antequera-y-sus-desafios-estrategicos\/#primaryimage"},"thumbnailUrl":"https:\/\/groupeidec-international.com\/wp-content\/uploads\/2024\/11\/2dc8873a-a7b6-4670-be06-49f6d6ee96a4-scaled-e1731406464333.jpeg","datePublished":"2024-11-12T10:32:38+00:00","dateModified":"2024-11-20T15:03:32+00:00","breadcrumb":{"@id":"https:\/\/groupeidec-international.com\/es\/idec-group-iberica-presenta-los-avances-del-puerto-seco-de-antequera-y-sus-desafios-estrategicos\/#breadcrumb"},"inLanguage":"es","potentialAction":[{"@type":"ReadAction","target":["https:\/\/groupeidec-international.com\/es\/idec-group-iberica-presenta-los-avances-del-puerto-seco-de-antequera-y-sus-desafios-estrategicos\/"]}]},{"@type":"ImageObject","inLanguage":"es","@id":"https:\/\/groupeidec-international.com\/es\/idec-group-iberica-presenta-los-avances-del-puerto-seco-de-antequera-y-sus-desafios-estrategicos\/#primaryimage","url":"https:\/\/groupeidec-international.com\/wp-content\/uploads\/2024\/11\/2dc8873a-a7b6-4670-be06-49f6d6ee96a4-scaled-e1731406464333.jpeg","contentUrl":"https:\/\/groupeidec-international.com\/wp-content\/uploads\/2024\/11\/2dc8873a-a7b6-4670-be06-49f6d6ee96a4-scaled-e1731406464333.jpeg","width":2560,"height":1440},{"@type":"BreadcrumbList","@id":"https:\/\/groupeidec-international.com\/es\/idec-group-iberica-presenta-los-avances-del-puerto-seco-de-antequera-y-sus-desafios-estrategicos\/#breadcrumb","itemListElement":[{"@type":"ListItem","position":1,"name":"P\u00e1gina principal","item":"https:\/\/groupeidec-international.com\/es\/"},{"@type":"ListItem","position":2,"name":"Evento","item":"https:\/\/groupeidec-international.com\/es\/categorias\/evento\/"},{"@type":"ListItem","position":3,"name":"IDEC GROUP IBERICA PRESENTA LOS AVANCES DEL PUERTO SECO DE ANTEQUERA Y SUS DESAF\u00cdOS ESTRAT\u00c9GICOS"}]},{"@type":"WebSite","@id":"https:\/\/groupeidec-international.com\/es\/#website","url":"https:\/\/groupeidec-international.com\/es\/","name":"GROUPE IDEC INTERNATIONAL","description":"","publisher":{"@id":"https:\/\/groupeidec-international.com\/es\/#organization"},"potentialAction":[{"@type":"SearchAction","target":{"@type":"EntryPoint","urlTemplate":"https:\/\/groupeidec-international.com\/es\/?s={search_term_string}"},"query-input":{"@type":"PropertyValueSpecification","valueRequired":true,"valueName":"search_term_string"}}],"inLanguage":"es"},{"@type":"Organization","@id":"https:\/\/groupeidec-international.com\/es\/#organization","name":"GROUPE IDEC INTERNATIONAL","url":"https:\/\/groupeidec-international.com\/es\/","logo":{"@type":"ImageObject","inLanguage":"es","@id":"https:\/\/groupeidec-international.com\/es\/#\/schema\/logo\/image\/","url":"https:\/\/groupeidec-international.com\/wp-content\/uploads\/2024\/04\/logo_groupe-idec-international_black_175x75.png","contentUrl":"https:\/\/groupeidec-international.com\/wp-content\/uploads\/2024\/04\/logo_groupe-idec-international_black_175x75.png","width":175,"height":75,"caption":"GROUPE IDEC INTERNATIONAL"},"image":{"@id":"https:\/\/groupeidec-international.com\/es\/#\/schema\/logo\/image\/"},"sameAs":["https:\/\/www.linkedin.com\/company\/idec-group-iberica\/"]},{"@type":"Person","@id":"https:\/\/groupeidec-international.com\/es\/#\/schema\/person\/dd31ecb9878d7d14fa8dd15446870654","name":"Philippine Deluol","image":{"@type":"ImageObject","inLanguage":"es","@id":"https:\/\/secure.gravatar.com\/avatar\/2f6baecdd7af951c5a3ff97da47e90a59734a500b04859fb93a50438efbfa574?s=96&d=mm&r=g","url":"https:\/\/secure.gravatar.com\/avatar\/2f6baecdd7af951c5a3ff97da47e90a59734a500b04859fb93a50438efbfa574?s=96&d=mm&r=g","contentUrl":"https:\/\/secure.gravatar.com\/avatar\/2f6baecdd7af951c5a3ff97da47e90a59734a500b04859fb93a50438efbfa574?s=96&d=mm&r=g","caption":"Philippine Deluol"}}]}},"_links":{"self":[{"href":"https:\/\/groupeidec-international.com\/es\/wp-json\/wp\/v2\/posts\/8024","targetHints":{"allow":["GET"]}}],"collection":[{"href":"https:\/\/groupeidec-international.com\/es\/wp-json\/wp\/v2\/posts"}],"about":[{"href":"https:\/\/groupeidec-international.com\/es\/wp-json\/wp\/v2\/types\/post"}],"author":[{"embeddable":true,"href":"https:\/\/groupeidec-international.com\/es\/wp-json\/wp\/v2\/users\/5"}],"replies":[{"embeddable":true,"href":"https:\/\/groupeidec-international.com\/es\/wp-json\/wp\/v2\/comments?post=8024"}],"version-history":[{"count":2,"href":"https:\/\/groupeidec-international.com\/es\/wp-json\/wp\/v2\/posts\/8024\/revisions"}],"predecessor-version":[{"id":8026,"href":"https:\/\/groupeidec-international.com\/es\/wp-json\/wp\/v2\/posts\/8024\/revisions\/8026"}],"wp:featuredmedia":[{"embeddable":true,"href":"https:\/\/groupeidec-international.com\/es\/wp-json\/wp\/v2\/media\/8004"}],"wp:attachment":[{"href":"https:\/\/groupeidec-international.com\/es\/wp-json\/wp\/v2\/media?parent=8024"}],"wp:term":[{"taxonomy":"category","embeddable":true,"href":"https:\/\/groupeidec-international.com\/es\/wp-json\/wp\/v2\/categories?post=8024"},{"taxonomy":"post_tag","embeddable":true,"href":"https:\/\/groupeidec-international.com\/es\/wp-json\/wp\/v2\/tags?post=8024"}],"curies":[{"name":"wp","href":"https:\/\/api.w.org\/{rel}","templated":true}]}}