{"id":9430,"date":"2026-04-22T10:52:51","date_gmt":"2026-04-22T08:52:51","guid":{"rendered":"https:\/\/groupeidec-international.com\/?p=9430"},"modified":"2026-04-22T10:52:51","modified_gmt":"2026-04-22T08:52:51","slug":"el-puerto-seco-de-antequera-entra-en-fase-operativa-con-el-inicio-de-las-obras-de-las-primeras-infraestructuras-logisticas","status":"publish","type":"post","link":"https:\/\/groupeidec-international.com\/es\/el-puerto-seco-de-antequera-entra-en-fase-operativa-con-el-inicio-de-las-obras-de-las-primeras-infraestructuras-logisticas\/","title":{"rendered":"El Puerto Seco de Antequera entra en fase operativa con el inicio de las obras de las primeras infraestructuras log\u00edsticas"},"content":{"rendered":"\n<p>El Puerto Seco de Antequera alcanza un hito clave en su desarrollo con el inicio de las obras de las primeras infraestructuras log\u00edsticas en el sitio. Este avance marca la entrada del proyecto en su fase plenamente operativa y confirma su papel estructurante para el desarrollo log\u00edstico e industrial de Andaluc\u00eda.<\/p>\n\n\n\n<p>Impulsado por GROUPE IDEC a trav\u00e9s de su filial IDEC GROUP SPAIN, el proyecto se consolida progresivamente como uno de los futuros hubs log\u00edsticos de referencia del sur de Europa, gracias a su ubicaci\u00f3n estrat\u00e9gica y a su conectividad multimodal.<\/p>\n\n\n\n<p><\/p>\n\n\n\n<p><strong>La llegada de Ontime y Dia confirma el atractivo del sitio<\/strong><\/p>\n\n\n\n<p>Esta nueva etapa viene acompa\u00f1ada por la implantaci\u00f3n de dos actores clave del sector: Ontime, operador log\u00edstico espa\u00f1ol de primer nivel, y Dia, grupo de distribuci\u00f3n alimentaria.<\/p>\n\n\n\n<p>Estos dos proyectos constituyen una se\u00f1al fuerte para el mercado y confirman el atractivo del Puerto Seco de Antequera para actores nacionales e internacionales.<\/p>\n\n\n\n<p>Tambi\u00e9n contribuyen a la din\u00e1mica global del parque, generando un efecto tractor sobre nuevas empresas interesadas en el sitio, tanto grandes grupos como actores regionales.<\/p>\n\n\n\n<p><\/p>\n\n\n\n<p><strong>Un proyecto estructurante para el territorio andaluz<\/strong><\/p>\n\n\n\n<p>Este importante hito ha sido recogido por la prensa regional, destacando el papel del Puerto Seco de Antequera como motor de transformaci\u00f3n econ\u00f3mica y log\u00edstica para Andaluc\u00eda.<\/p>\n\n\n\n<p>El proyecto tambi\u00e9n cuenta con el apoyo y el inter\u00e9s de los actores institucionales y econ\u00f3micos del territorio, lo que demuestra su importancia estrat\u00e9gica para el desarrollo regional y la creaci\u00f3n de valor local.<\/p>\n\n\n\n<p><\/p>\n\n\n\n<p><strong>Una presencia activa de los equipos de IDEC GROUP SPAIN<\/strong><\/p>\n\n\n\n<p>Con motivo de este avance, los equipos de IDEC GROUP SPAIN estuvieron presentes en el sitio, con la participaci\u00f3n de Ma\u00eft\u00e9 Palomino y Carlos G\u00f3mez, as\u00ed como los representantes de DUNAS CAPITAL, junto a los operadores Ontime y Dia, acompa\u00f1ados por representantes institucionales locales y regionales, como Rocio Diaz y Carolina Espa\u00f1a, Consejeras de Fomento y Econom\u00eda respectivamente de la Junta de Andaluc\u00eda.<\/p>\n\n\n\n<p>Esta presencia refleja el compromiso continuo de los equipos en el seguimiento y desarrollo del proyecto.<\/p>\n\n\n\n<p><\/p>\n\n\n\n<p><strong>Un hub log\u00edstico en el coraz\u00f3n de los flujos europeos<\/strong><\/p>\n\n\n\n<p>Ubicado en la provincia de M\u00e1laga, el Puerto Seco de Antequera goza de una posici\u00f3n estrat\u00e9gica excepcional, en la intersecci\u00f3n de los principales ejes de transporte de la pen\u00ednsula ib\u00e9rica. El sitio ofrece una conectividad multimodal completa, que incluye conexiones por carretera, ferrocarril, puertos y transporte a\u00e9reo.<\/p>\n\n\n\n<p>Esta configuraci\u00f3n permite optimizar los flujos log\u00edsticos, reforzar la competitividad de las empresas implantadas y apoyar el desarrollo de las cadenas de suministro a escala nacional e internacional.<\/p>\n","protected":false},"excerpt":{"rendered":"<p>El Puerto Seco de Antequera alcanza un hito clave en su desarrollo con el inicio de las obras de las primeras infraestructuras log\u00edsticas en el sitio. Este avance marca la&#8230;<\/p>\n","protected":false},"author":5,"featured_media":9426,"comment_status":"closed","ping_status":"closed","sticky":false,"template":"","format":"standard","meta":{"footnotes":""},"categories":[65,1,74],"tags":[123],"class_list":{"0":"post-9430","1":"post","2":"type-post","3":"status-publish","4":"format-standard","5":"has-post-thumbnail","7":"category-evento","8":"category-non-classifiee","9":"category-proyectos","10":"tag-espana-es"},"yoast_head":"<!-- This site is optimized with the Yoast SEO plugin v27.2 - https:\/\/yoast.com\/product\/yoast-seo-wordpress\/ -->\n<title>El Puerto Seco de Antequera entra en fase operativa con el inicio de las obras de las primeras infraestructuras log\u00edsticas - GROUPE IDEC INTERNATIONAL<\/title>\n<meta name=\"robots\" content=\"index, follow, max-snippet:-1, max-image-preview:large, max-video-preview:-1\" \/>\n<link rel=\"canonical\" href=\"https:\/\/groupeidec-international.com\/es\/el-puerto-seco-de-antequera-entra-en-fase-operativa-con-el-inicio-de-las-obras-de-las-primeras-infraestructuras-logisticas\/\" \/>\n<meta property=\"og:locale\" content=\"es_ES\" \/>\n<meta property=\"og:type\" content=\"article\" \/>\n<meta property=\"og:title\" content=\"El Puerto Seco de Antequera entra en fase operativa con el inicio de las obras de las primeras infraestructuras log\u00edsticas - GROUPE IDEC INTERNATIONAL\" \/>\n<meta property=\"og:description\" content=\"El Puerto Seco de Antequera alcanza un hito clave en su desarrollo con el inicio de las obras de las primeras infraestructuras log\u00edsticas en el sitio. Este avance marca la...\" \/>\n<meta property=\"og:url\" content=\"https:\/\/groupeidec-international.com\/es\/el-puerto-seco-de-antequera-entra-en-fase-operativa-con-el-inicio-de-las-obras-de-las-primeras-infraestructuras-logisticas\/\" \/>\n<meta property=\"og:site_name\" content=\"GROUPE IDEC INTERNATIONAL\" \/>\n<meta property=\"article:published_time\" content=\"2026-04-22T08:52:51+00:00\" \/>\n<meta property=\"og:image\" content=\"https:\/\/groupeidec-international.com\/wp-content\/uploads\/2026\/04\/Image-61.jpg\" \/>\n\t<meta property=\"og:image:width\" content=\"1489\" \/>\n\t<meta property=\"og:image:height\" content=\"837\" \/>\n\t<meta property=\"og:image:type\" content=\"image\/jpeg\" \/>\n<meta name=\"author\" content=\"Philippine Deluol\" \/>\n<meta name=\"twitter:card\" content=\"summary_large_image\" \/>\n<meta name=\"twitter:label1\" content=\"Escrito por\" \/>\n\t<meta name=\"twitter:data1\" content=\"Philippine Deluol\" \/>\n\t<meta name=\"twitter:label2\" content=\"Tiempo de lectura\" \/>\n\t<meta name=\"twitter:data2\" content=\"3 minutos\" \/>\n<script type=\"application\/ld+json\" class=\"yoast-schema-graph\">{\"@context\":\"https:\/\/schema.org\",\"@graph\":[{\"@type\":\"Article\",\"@id\":\"https:\/\/groupeidec-international.com\/es\/el-puerto-seco-de-antequera-entra-en-fase-operativa-con-el-inicio-de-las-obras-de-las-primeras-infraestructuras-logisticas\/#article\",\"isPartOf\":{\"@id\":\"https:\/\/groupeidec-international.com\/es\/el-puerto-seco-de-antequera-entra-en-fase-operativa-con-el-inicio-de-las-obras-de-las-primeras-infraestructuras-logisticas\/\"},\"author\":{\"name\":\"Philippine Deluol\",\"@id\":\"https:\/\/groupeidec-international.com\/es\/#\/schema\/person\/dd31ecb9878d7d14fa8dd15446870654\"},\"headline\":\"El Puerto Seco de Antequera entra en fase operativa con el inicio de las obras de las primeras infraestructuras log\u00edsticas\",\"datePublished\":\"2026-04-22T08:52:51+00:00\",\"mainEntityOfPage\":{\"@id\":\"https:\/\/groupeidec-international.com\/es\/el-puerto-seco-de-antequera-entra-en-fase-operativa-con-el-inicio-de-las-obras-de-las-primeras-infraestructuras-logisticas\/\"},\"wordCount\":483,\"publisher\":{\"@id\":\"https:\/\/groupeidec-international.com\/es\/#organization\"},\"image\":{\"@id\":\"https:\/\/groupeidec-international.com\/es\/el-puerto-seco-de-antequera-entra-en-fase-operativa-con-el-inicio-de-las-obras-de-las-primeras-infraestructuras-logisticas\/#primaryimage\"},\"thumbnailUrl\":\"https:\/\/groupeidec-international.com\/wp-content\/uploads\/2026\/04\/Image-61.jpg\",\"keywords\":[\"Espa\u00f1a\"],\"articleSection\":[\"Evento\",\"Non classifi\u00e9(e)\",\"Proyectos\"],\"inLanguage\":\"es\"},{\"@type\":\"WebPage\",\"@id\":\"https:\/\/groupeidec-international.com\/es\/el-puerto-seco-de-antequera-entra-en-fase-operativa-con-el-inicio-de-las-obras-de-las-primeras-infraestructuras-logisticas\/\",\"url\":\"https:\/\/groupeidec-international.com\/es\/el-puerto-seco-de-antequera-entra-en-fase-operativa-con-el-inicio-de-las-obras-de-las-primeras-infraestructuras-logisticas\/\",\"name\":\"El Puerto Seco de Antequera entra en fase operativa con el inicio de las obras de las primeras infraestructuras log\u00edsticas - GROUPE IDEC INTERNATIONAL\",\"isPartOf\":{\"@id\":\"https:\/\/groupeidec-international.com\/es\/#website\"},\"primaryImageOfPage\":{\"@id\":\"https:\/\/groupeidec-international.com\/es\/el-puerto-seco-de-antequera-entra-en-fase-operativa-con-el-inicio-de-las-obras-de-las-primeras-infraestructuras-logisticas\/#primaryimage\"},\"image\":{\"@id\":\"https:\/\/groupeidec-international.com\/es\/el-puerto-seco-de-antequera-entra-en-fase-operativa-con-el-inicio-de-las-obras-de-las-primeras-infraestructuras-logisticas\/#primaryimage\"},\"thumbnailUrl\":\"https:\/\/groupeidec-international.com\/wp-content\/uploads\/2026\/04\/Image-61.jpg\",\"datePublished\":\"2026-04-22T08:52:51+00:00\",\"breadcrumb\":{\"@id\":\"https:\/\/groupeidec-international.com\/es\/el-puerto-seco-de-antequera-entra-en-fase-operativa-con-el-inicio-de-las-obras-de-las-primeras-infraestructuras-logisticas\/#breadcrumb\"},\"inLanguage\":\"es\",\"potentialAction\":[{\"@type\":\"ReadAction\",\"target\":[\"https:\/\/groupeidec-international.com\/es\/el-puerto-seco-de-antequera-entra-en-fase-operativa-con-el-inicio-de-las-obras-de-las-primeras-infraestructuras-logisticas\/\"]}]},{\"@type\":\"ImageObject\",\"inLanguage\":\"es\",\"@id\":\"https:\/\/groupeidec-international.com\/es\/el-puerto-seco-de-antequera-entra-en-fase-operativa-con-el-inicio-de-las-obras-de-las-primeras-infraestructuras-logisticas\/#primaryimage\",\"url\":\"https:\/\/groupeidec-international.com\/wp-content\/uploads\/2026\/04\/Image-61.jpg\",\"contentUrl\":\"https:\/\/groupeidec-international.com\/wp-content\/uploads\/2026\/04\/Image-61.jpg\",\"width\":1489,\"height\":837,\"caption\":\"Puerto Seco de Antequera d\u00e9but travaux\"},{\"@type\":\"BreadcrumbList\",\"@id\":\"https:\/\/groupeidec-international.com\/es\/el-puerto-seco-de-antequera-entra-en-fase-operativa-con-el-inicio-de-las-obras-de-las-primeras-infraestructuras-logisticas\/#breadcrumb\",\"itemListElement\":[{\"@type\":\"ListItem\",\"position\":1,\"name\":\"P\u00e1gina principal\",\"item\":\"https:\/\/groupeidec-international.com\/es\/\"},{\"@type\":\"ListItem\",\"position\":2,\"name\":\"Proyectos\",\"item\":\"https:\/\/groupeidec-international.com\/es\/categorias\/proyectos\/\"},{\"@type\":\"ListItem\",\"position\":3,\"name\":\"El Puerto Seco de Antequera entra en fase operativa con el inicio de las obras de las primeras infraestructuras log\u00edsticas\"}]},{\"@type\":\"WebSite\",\"@id\":\"https:\/\/groupeidec-international.com\/es\/#website\",\"url\":\"https:\/\/groupeidec-international.com\/es\/\",\"name\":\"GROUPE IDEC INTERNATIONAL\",\"description\":\"\",\"publisher\":{\"@id\":\"https:\/\/groupeidec-international.com\/es\/#organization\"},\"potentialAction\":[{\"@type\":\"SearchAction\",\"target\":{\"@type\":\"EntryPoint\",\"urlTemplate\":\"https:\/\/groupeidec-international.com\/es\/?s={search_term_string}\"},\"query-input\":{\"@type\":\"PropertyValueSpecification\",\"valueRequired\":true,\"valueName\":\"search_term_string\"}}],\"inLanguage\":\"es\"},{\"@type\":\"Organization\",\"@id\":\"https:\/\/groupeidec-international.com\/es\/#organization\",\"name\":\"GROUPE IDEC INTERNATIONAL\",\"url\":\"https:\/\/groupeidec-international.com\/es\/\",\"logo\":{\"@type\":\"ImageObject\",\"inLanguage\":\"es\",\"@id\":\"https:\/\/groupeidec-international.com\/es\/#\/schema\/logo\/image\/\",\"url\":\"https:\/\/groupeidec-international.com\/wp-content\/uploads\/2024\/04\/logo_groupe-idec-international_black_175x75.png\",\"contentUrl\":\"https:\/\/groupeidec-international.com\/wp-content\/uploads\/2024\/04\/logo_groupe-idec-international_black_175x75.png\",\"width\":175,\"height\":75,\"caption\":\"GROUPE IDEC INTERNATIONAL\"},\"image\":{\"@id\":\"https:\/\/groupeidec-international.com\/es\/#\/schema\/logo\/image\/\"},\"sameAs\":[\"https:\/\/www.linkedin.com\/company\/idec-group-iberica\/\"]},{\"@type\":\"Person\",\"@id\":\"https:\/\/groupeidec-international.com\/es\/#\/schema\/person\/dd31ecb9878d7d14fa8dd15446870654\",\"name\":\"Philippine Deluol\",\"image\":{\"@type\":\"ImageObject\",\"inLanguage\":\"es\",\"@id\":\"https:\/\/secure.gravatar.com\/avatar\/2f6baecdd7af951c5a3ff97da47e90a59734a500b04859fb93a50438efbfa574?s=96&d=mm&r=g\",\"url\":\"https:\/\/secure.gravatar.com\/avatar\/2f6baecdd7af951c5a3ff97da47e90a59734a500b04859fb93a50438efbfa574?s=96&d=mm&r=g\",\"contentUrl\":\"https:\/\/secure.gravatar.com\/avatar\/2f6baecdd7af951c5a3ff97da47e90a59734a500b04859fb93a50438efbfa574?s=96&d=mm&r=g\",\"caption\":\"Philippine Deluol\"}}]}<\/script>\n<!-- \/ Yoast SEO plugin. -->","yoast_head_json":{"title":"El Puerto Seco de Antequera entra en fase operativa con el inicio de las obras de las primeras infraestructuras log\u00edsticas - GROUPE IDEC INTERNATIONAL","robots":{"index":"index","follow":"follow","max-snippet":"max-snippet:-1","max-image-preview":"max-image-preview:large","max-video-preview":"max-video-preview:-1"},"canonical":"https:\/\/groupeidec-international.com\/es\/el-puerto-seco-de-antequera-entra-en-fase-operativa-con-el-inicio-de-las-obras-de-las-primeras-infraestructuras-logisticas\/","og_locale":"es_ES","og_type":"article","og_title":"El Puerto Seco de Antequera entra en fase operativa con el inicio de las obras de las primeras infraestructuras log\u00edsticas - GROUPE IDEC INTERNATIONAL","og_description":"El Puerto Seco de Antequera alcanza un hito clave en su desarrollo con el inicio de las obras de las primeras infraestructuras log\u00edsticas en el sitio. Este avance marca la...","og_url":"https:\/\/groupeidec-international.com\/es\/el-puerto-seco-de-antequera-entra-en-fase-operativa-con-el-inicio-de-las-obras-de-las-primeras-infraestructuras-logisticas\/","og_site_name":"GROUPE IDEC INTERNATIONAL","article_published_time":"2026-04-22T08:52:51+00:00","og_image":[{"width":1489,"height":837,"url":"https:\/\/groupeidec-international.com\/wp-content\/uploads\/2026\/04\/Image-61.jpg","type":"image\/jpeg"}],"author":"Philippine Deluol","twitter_card":"summary_large_image","twitter_misc":{"Escrito por":"Philippine Deluol","Tiempo de lectura":"3 minutos"},"schema":{"@context":"https:\/\/schema.org","@graph":[{"@type":"Article","@id":"https:\/\/groupeidec-international.com\/es\/el-puerto-seco-de-antequera-entra-en-fase-operativa-con-el-inicio-de-las-obras-de-las-primeras-infraestructuras-logisticas\/#article","isPartOf":{"@id":"https:\/\/groupeidec-international.com\/es\/el-puerto-seco-de-antequera-entra-en-fase-operativa-con-el-inicio-de-las-obras-de-las-primeras-infraestructuras-logisticas\/"},"author":{"name":"Philippine Deluol","@id":"https:\/\/groupeidec-international.com\/es\/#\/schema\/person\/dd31ecb9878d7d14fa8dd15446870654"},"headline":"El Puerto Seco de Antequera entra en fase operativa con el inicio de las obras de las primeras infraestructuras log\u00edsticas","datePublished":"2026-04-22T08:52:51+00:00","mainEntityOfPage":{"@id":"https:\/\/groupeidec-international.com\/es\/el-puerto-seco-de-antequera-entra-en-fase-operativa-con-el-inicio-de-las-obras-de-las-primeras-infraestructuras-logisticas\/"},"wordCount":483,"publisher":{"@id":"https:\/\/groupeidec-international.com\/es\/#organization"},"image":{"@id":"https:\/\/groupeidec-international.com\/es\/el-puerto-seco-de-antequera-entra-en-fase-operativa-con-el-inicio-de-las-obras-de-las-primeras-infraestructuras-logisticas\/#primaryimage"},"thumbnailUrl":"https:\/\/groupeidec-international.com\/wp-content\/uploads\/2026\/04\/Image-61.jpg","keywords":["Espa\u00f1a"],"articleSection":["Evento","Non classifi\u00e9(e)","Proyectos"],"inLanguage":"es"},{"@type":"WebPage","@id":"https:\/\/groupeidec-international.com\/es\/el-puerto-seco-de-antequera-entra-en-fase-operativa-con-el-inicio-de-las-obras-de-las-primeras-infraestructuras-logisticas\/","url":"https:\/\/groupeidec-international.com\/es\/el-puerto-seco-de-antequera-entra-en-fase-operativa-con-el-inicio-de-las-obras-de-las-primeras-infraestructuras-logisticas\/","name":"El Puerto Seco de Antequera entra en fase operativa con el inicio de las obras de las primeras infraestructuras log\u00edsticas - GROUPE IDEC INTERNATIONAL","isPartOf":{"@id":"https:\/\/groupeidec-international.com\/es\/#website"},"primaryImageOfPage":{"@id":"https:\/\/groupeidec-international.com\/es\/el-puerto-seco-de-antequera-entra-en-fase-operativa-con-el-inicio-de-las-obras-de-las-primeras-infraestructuras-logisticas\/#primaryimage"},"image":{"@id":"https:\/\/groupeidec-international.com\/es\/el-puerto-seco-de-antequera-entra-en-fase-operativa-con-el-inicio-de-las-obras-de-las-primeras-infraestructuras-logisticas\/#primaryimage"},"thumbnailUrl":"https:\/\/groupeidec-international.com\/wp-content\/uploads\/2026\/04\/Image-61.jpg","datePublished":"2026-04-22T08:52:51+00:00","breadcrumb":{"@id":"https:\/\/groupeidec-international.com\/es\/el-puerto-seco-de-antequera-entra-en-fase-operativa-con-el-inicio-de-las-obras-de-las-primeras-infraestructuras-logisticas\/#breadcrumb"},"inLanguage":"es","potentialAction":[{"@type":"ReadAction","target":["https:\/\/groupeidec-international.com\/es\/el-puerto-seco-de-antequera-entra-en-fase-operativa-con-el-inicio-de-las-obras-de-las-primeras-infraestructuras-logisticas\/"]}]},{"@type":"ImageObject","inLanguage":"es","@id":"https:\/\/groupeidec-international.com\/es\/el-puerto-seco-de-antequera-entra-en-fase-operativa-con-el-inicio-de-las-obras-de-las-primeras-infraestructuras-logisticas\/#primaryimage","url":"https:\/\/groupeidec-international.com\/wp-content\/uploads\/2026\/04\/Image-61.jpg","contentUrl":"https:\/\/groupeidec-international.com\/wp-content\/uploads\/2026\/04\/Image-61.jpg","width":1489,"height":837,"caption":"Puerto Seco de Antequera d\u00e9but travaux"},{"@type":"BreadcrumbList","@id":"https:\/\/groupeidec-international.com\/es\/el-puerto-seco-de-antequera-entra-en-fase-operativa-con-el-inicio-de-las-obras-de-las-primeras-infraestructuras-logisticas\/#breadcrumb","itemListElement":[{"@type":"ListItem","position":1,"name":"P\u00e1gina principal","item":"https:\/\/groupeidec-international.com\/es\/"},{"@type":"ListItem","position":2,"name":"Proyectos","item":"https:\/\/groupeidec-international.com\/es\/categorias\/proyectos\/"},{"@type":"ListItem","position":3,"name":"El Puerto Seco de Antequera entra en fase operativa con el inicio de las obras de las primeras infraestructuras log\u00edsticas"}]},{"@type":"WebSite","@id":"https:\/\/groupeidec-international.com\/es\/#website","url":"https:\/\/groupeidec-international.com\/es\/","name":"GROUPE IDEC INTERNATIONAL","description":"","publisher":{"@id":"https:\/\/groupeidec-international.com\/es\/#organization"},"potentialAction":[{"@type":"SearchAction","target":{"@type":"EntryPoint","urlTemplate":"https:\/\/groupeidec-international.com\/es\/?s={search_term_string}"},"query-input":{"@type":"PropertyValueSpecification","valueRequired":true,"valueName":"search_term_string"}}],"inLanguage":"es"},{"@type":"Organization","@id":"https:\/\/groupeidec-international.com\/es\/#organization","name":"GROUPE IDEC INTERNATIONAL","url":"https:\/\/groupeidec-international.com\/es\/","logo":{"@type":"ImageObject","inLanguage":"es","@id":"https:\/\/groupeidec-international.com\/es\/#\/schema\/logo\/image\/","url":"https:\/\/groupeidec-international.com\/wp-content\/uploads\/2024\/04\/logo_groupe-idec-international_black_175x75.png","contentUrl":"https:\/\/groupeidec-international.com\/wp-content\/uploads\/2024\/04\/logo_groupe-idec-international_black_175x75.png","width":175,"height":75,"caption":"GROUPE IDEC INTERNATIONAL"},"image":{"@id":"https:\/\/groupeidec-international.com\/es\/#\/schema\/logo\/image\/"},"sameAs":["https:\/\/www.linkedin.com\/company\/idec-group-iberica\/"]},{"@type":"Person","@id":"https:\/\/groupeidec-international.com\/es\/#\/schema\/person\/dd31ecb9878d7d14fa8dd15446870654","name":"Philippine Deluol","image":{"@type":"ImageObject","inLanguage":"es","@id":"https:\/\/secure.gravatar.com\/avatar\/2f6baecdd7af951c5a3ff97da47e90a59734a500b04859fb93a50438efbfa574?s=96&d=mm&r=g","url":"https:\/\/secure.gravatar.com\/avatar\/2f6baecdd7af951c5a3ff97da47e90a59734a500b04859fb93a50438efbfa574?s=96&d=mm&r=g","contentUrl":"https:\/\/secure.gravatar.com\/avatar\/2f6baecdd7af951c5a3ff97da47e90a59734a500b04859fb93a50438efbfa574?s=96&d=mm&r=g","caption":"Philippine Deluol"}}]}},"_links":{"self":[{"href":"https:\/\/groupeidec-international.com\/es\/wp-json\/wp\/v2\/posts\/9430","targetHints":{"allow":["GET"]}}],"collection":[{"href":"https:\/\/groupeidec-international.com\/es\/wp-json\/wp\/v2\/posts"}],"about":[{"href":"https:\/\/groupeidec-international.com\/es\/wp-json\/wp\/v2\/types\/post"}],"author":[{"embeddable":true,"href":"https:\/\/groupeidec-international.com\/es\/wp-json\/wp\/v2\/users\/5"}],"replies":[{"embeddable":true,"href":"https:\/\/groupeidec-international.com\/es\/wp-json\/wp\/v2\/comments?post=9430"}],"version-history":[{"count":1,"href":"https:\/\/groupeidec-international.com\/es\/wp-json\/wp\/v2\/posts\/9430\/revisions"}],"predecessor-version":[{"id":9431,"href":"https:\/\/groupeidec-international.com\/es\/wp-json\/wp\/v2\/posts\/9430\/revisions\/9431"}],"wp:featuredmedia":[{"embeddable":true,"href":"https:\/\/groupeidec-international.com\/es\/wp-json\/wp\/v2\/media\/9426"}],"wp:attachment":[{"href":"https:\/\/groupeidec-international.com\/es\/wp-json\/wp\/v2\/media?parent=9430"}],"wp:term":[{"taxonomy":"category","embeddable":true,"href":"https:\/\/groupeidec-international.com\/es\/wp-json\/wp\/v2\/categories?post=9430"},{"taxonomy":"post_tag","embeddable":true,"href":"https:\/\/groupeidec-international.com\/es\/wp-json\/wp\/v2\/tags?post=9430"}],"curies":[{"name":"wp","href":"https:\/\/api.w.org\/{rel}","templated":true}]}}