{"id":6802,"date":"2024-02-13T08:23:31","date_gmt":"2024-02-13T07:23:31","guid":{"rendered":"https:\/\/groupeidec-international.com\/idec-group-iberica-finaliza-la-urbanizacion-de-la-primera-fase-de-su-parque-empresarial-xxl-de-energia-positiva-de-antequera\/"},"modified":"2024-09-03T15:27:55","modified_gmt":"2024-09-03T13:27:55","slug":"idec-group-iberica-finaliza-la-urbanizacion-de-la-primera-fase-de-su-parque-empresarial-xxl-de-energia-positiva-de-antequera","status":"publish","type":"post","link":"https:\/\/groupeidec-international.com\/it\/idec-group-iberica-finaliza-la-urbanizacion-de-la-primera-fase-de-su-parque-empresarial-xxl-de-energia-positiva-de-antequera\/","title":{"rendered":"IDEC GROUP IBERICA completa lo sviluppo della prima fase del suo parco commerciale di energia positiva XXL ad Antequera"},"content":{"rendered":"\n<p><strong>IDEC GROUP IBERICA, filiale del GROUPE IDEC INTERNATIONAL, sta sviluppando il primo parco commerciale di energia positiva XXL in Europa, che si trova ad Antequera, provincia di M\u00e1laga. Lo sviluppo della prima fase di questo ambizioso progetto \u00e8 stato completato a fine dicembre 2023 e si estende su una superficie netta di 37 ettari. Sulla base di ci\u00f2 \u00e8 stato lanciato un primo programma di promozione che offre in vendita o in affitto una piattaforma logistica di 42.000 mq, divisibile in due diverse aree.<\/strong><\/p>\n\n\n\n<figure class=\"wp-block-image size-large\"><img decoding=\"async\" src=\"https:\/\/puertosecodeantequera.es\/wp-content\/uploads\/2024\/02\/2024.02.01_GRIDINTER_ANTEQUERA_global_aerienne_avec_fsb_phase01-1-1024x683.jpg\" alt=\"\" class=\"wp-image-2530\"\/><\/figure>\n\n\n\n<h2 class=\"wp-block-heading\">Una posizione unica<\/h2>\n\n\n\n<p>Situato nel sud della Spagna, l&#8217;ANTEQUERA DRY PORT \u00e8 posizionato come il porto secco dell&#8217;Andalusia, grazie alla sua posizione vicino ad Algeciras, M\u00e1laga e Cadice. Questo ambizioso progetto rappresenta la porta ideale verso il Sud Europa, con collegamenti marittimi, aeroportuali, ferroviari e stradali ideali per l\u2019implementazione di attivit\u00e0 industriali o logistiche. Copre 300 ettari di terreno e la fase 2 \u00e8 gi\u00e0 in fase di sviluppo.<\/p>\n\n\n\n<h2 class=\"wp-block-heading\">Una prima fase con 37 ettari urbanizzati<\/h2>\n\n\n\n<p>Dopo diversi mesi di lavoro, le autorit\u00e0 locali, i partner locali e i team del IDEC GROUP IBERICA hanno completato lo sviluppo della prima fase del parco. Sono stati realizzati diversi punti di accesso, tra cui uno svincolo in grado di assorbire il futuro traffico stradale dell&#8217;intero parco, oltre a diverse opere ingegneristiche per l&#8217;attraversamento di corsi d&#8217;acqua e ferrovie. Completano il piano un terminal ferroviario collegato alla rete nazionale, una sottostazione elettrica, un impianto di trattamento delle acque reflue, un punto pulito, reti igienico-sanitarie e di approvvigionamento idrico e diversi lotti per servizi pubblici e privati.<\/p>\n\n\n\n<h2 class=\"wp-block-heading\">Lancio della prima promozione: DRY LOGISTIC 40<\/h2>\n\n\n\n<p>Il completamento di questa prima fase di sviluppo, che rappresenta 37 ettari dei 160 previsti per il futuro, apre la strada alla commercializzazione del primo sviluppo del parco di Puerto Seco de Antequera.<\/p>\n\n\n\n<p>Il progetto DRY LOGISTIC 40 \u00e8 una piattaforma logistica di 42.000 mq divisa in due aree da 21.000 mq. Questo progetto, che rispetta i pi\u00f9 alti standard ambientali, di qualit\u00e0 e di sicurezza, aspira alla certificazione BREAAM Excellent Level, e avr\u00e0 una portata di 5 ton\/m\u00b2, un&#8217;altezza libera di 12 metri, tre livelli di spazi terziari, una struttura in cemento, 44 banchine di carico, un sistema stradale rinforzato e un sistema di protezione antincendio in conformit\u00e0 con gli standard NFPA, oltre a diversi lotti per centri interservizi.<\/p>\n\n\n\n<h2 class=\"wp-block-heading\">Un approccio energetico a basse emissioni di carbonio<\/h2>\n\n\n\n<p>I team di IDEC GROUP IBERICA e i loro partner hanno concepito PUERTO SECO DE ANTEQUERA come una vetrina energetica. Attraverso l\u2019implementazione di un mix energetico vario e complementare, questa nuova area logistica, industriale e di servizi prevede un approccio innovativo che favorir\u00e0 la condivisione dell\u2019energia prodotta localmente tra i diversi utenti del parco. L\u2019energia rimanente verr\u00e0 utilizzata per la produzione di idrogeno verde.<\/p>\n","protected":false},"excerpt":{"rendered":"<p>IDEC GROUP IBERICA, filiale del GROUPE IDEC INTERNATIONAL, sta sviluppando il primo parco commerciale di energia positiva XXL in Europa, che si trova ad Antequera, provincia di M\u00e1laga. Lo sviluppo&#8230;<\/p>\n","protected":false},"author":1,"featured_media":6803,"comment_status":"closed","ping_status":"closed","sticky":false,"template":"","format":"standard","meta":{"footnotes":""},"categories":[119],"tags":[113],"class_list":{"0":"post-6802","1":"post","2":"type-post","3":"status-publish","4":"format-standard","5":"has-post-thumbnail","7":"category-allestimento","8":"tag-spagna"},"yoast_head":"<!-- This site is optimized with the Yoast SEO plugin v27.2 - https:\/\/yoast.com\/product\/yoast-seo-wordpress\/ -->\n<title>IDEC GROUP IBERICA completa lo sviluppo della prima fase del suo parco commerciale di energia positiva XXL ad Antequera - GROUPE IDEC INTERNATIONAL<\/title>\n<meta name=\"robots\" content=\"index, follow, max-snippet:-1, max-image-preview:large, max-video-preview:-1\" \/>\n<link rel=\"canonical\" href=\"https:\/\/groupeidec-international.com\/it\/idec-group-iberica-finaliza-la-urbanizacion-de-la-primera-fase-de-su-parque-empresarial-xxl-de-energia-positiva-de-antequera\/\" \/>\n<meta property=\"og:locale\" content=\"it_IT\" \/>\n<meta property=\"og:type\" content=\"article\" \/>\n<meta property=\"og:title\" content=\"IDEC GROUP IBERICA completa lo sviluppo della prima fase del suo parco commerciale di energia positiva XXL ad Antequera - GROUPE IDEC INTERNATIONAL\" \/>\n<meta property=\"og:description\" content=\"IDEC GROUP IBERICA, filiale del GROUPE IDEC INTERNATIONAL, sta sviluppando il primo parco commerciale di energia positiva XXL in Europa, che si trova ad Antequera, provincia di M\u00e1laga. Lo sviluppo...\" \/>\n<meta property=\"og:url\" content=\"https:\/\/groupeidec-international.com\/it\/idec-group-iberica-finaliza-la-urbanizacion-de-la-primera-fase-de-su-parque-empresarial-xxl-de-energia-positiva-de-antequera\/\" \/>\n<meta property=\"og:site_name\" content=\"GROUPE IDEC INTERNATIONAL\" \/>\n<meta property=\"article:published_time\" content=\"2024-02-13T07:23:31+00:00\" \/>\n<meta property=\"article:modified_time\" content=\"2024-09-03T13:27:55+00:00\" \/>\n<meta property=\"og:image\" content=\"https:\/\/groupeidec-international.com\/wp-content\/uploads\/2024\/02\/m30675_Dry-40_CP-Amenagement-scaled-1.jpg\" \/>\n\t<meta property=\"og:image:width\" content=\"2560\" \/>\n\t<meta property=\"og:image:height\" content=\"991\" \/>\n\t<meta property=\"og:image:type\" content=\"image\/jpeg\" \/>\n<meta name=\"author\" content=\"J-Michel\" \/>\n<meta name=\"twitter:card\" content=\"summary_large_image\" \/>\n<meta name=\"twitter:label1\" content=\"Scritto da\" \/>\n\t<meta name=\"twitter:data1\" content=\"J-Michel\" \/>\n\t<meta name=\"twitter:label2\" content=\"Tempo di lettura stimato\" \/>\n\t<meta name=\"twitter:data2\" content=\"3 minuti\" \/>\n<script type=\"application\/ld+json\" class=\"yoast-schema-graph\">{\"@context\":\"https:\/\/schema.org\",\"@graph\":[{\"@type\":\"Article\",\"@id\":\"https:\/\/groupeidec-international.com\/it\/idec-group-iberica-finaliza-la-urbanizacion-de-la-primera-fase-de-su-parque-empresarial-xxl-de-energia-positiva-de-antequera\/#article\",\"isPartOf\":{\"@id\":\"https:\/\/groupeidec-international.com\/it\/idec-group-iberica-finaliza-la-urbanizacion-de-la-primera-fase-de-su-parque-empresarial-xxl-de-energia-positiva-de-antequera\/\"},\"author\":{\"name\":\"J-Michel\",\"@id\":\"https:\/\/groupeidec-international.com\/it\/#\/schema\/person\/e9849822abbb269a7c4fc8673199c49d\"},\"headline\":\"IDEC GROUP IBERICA completa lo sviluppo della prima fase del suo parco commerciale di energia positiva XXL ad Antequera\",\"datePublished\":\"2024-02-13T07:23:31+00:00\",\"dateModified\":\"2024-09-03T13:27:55+00:00\",\"mainEntityOfPage\":{\"@id\":\"https:\/\/groupeidec-international.com\/it\/idec-group-iberica-finaliza-la-urbanizacion-de-la-primera-fase-de-su-parque-empresarial-xxl-de-energia-positiva-de-antequera\/\"},\"wordCount\":468,\"publisher\":{\"@id\":\"https:\/\/groupeidec-international.com\/it\/#organization\"},\"image\":{\"@id\":\"https:\/\/groupeidec-international.com\/it\/idec-group-iberica-finaliza-la-urbanizacion-de-la-primera-fase-de-su-parque-empresarial-xxl-de-energia-positiva-de-antequera\/#primaryimage\"},\"thumbnailUrl\":\"https:\/\/groupeidec-international.com\/wp-content\/uploads\/2024\/02\/m30675_Dry-40_CP-Amenagement-scaled-1.jpg\",\"keywords\":[\"Spagna\"],\"articleSection\":[\"Allestimento\"],\"inLanguage\":\"it-IT\"},{\"@type\":\"WebPage\",\"@id\":\"https:\/\/groupeidec-international.com\/it\/idec-group-iberica-finaliza-la-urbanizacion-de-la-primera-fase-de-su-parque-empresarial-xxl-de-energia-positiva-de-antequera\/\",\"url\":\"https:\/\/groupeidec-international.com\/it\/idec-group-iberica-finaliza-la-urbanizacion-de-la-primera-fase-de-su-parque-empresarial-xxl-de-energia-positiva-de-antequera\/\",\"name\":\"IDEC GROUP IBERICA completa lo sviluppo della prima fase del suo parco commerciale di energia positiva XXL ad Antequera - GROUPE IDEC INTERNATIONAL\",\"isPartOf\":{\"@id\":\"https:\/\/groupeidec-international.com\/it\/#website\"},\"primaryImageOfPage\":{\"@id\":\"https:\/\/groupeidec-international.com\/it\/idec-group-iberica-finaliza-la-urbanizacion-de-la-primera-fase-de-su-parque-empresarial-xxl-de-energia-positiva-de-antequera\/#primaryimage\"},\"image\":{\"@id\":\"https:\/\/groupeidec-international.com\/it\/idec-group-iberica-finaliza-la-urbanizacion-de-la-primera-fase-de-su-parque-empresarial-xxl-de-energia-positiva-de-antequera\/#primaryimage\"},\"thumbnailUrl\":\"https:\/\/groupeidec-international.com\/wp-content\/uploads\/2024\/02\/m30675_Dry-40_CP-Amenagement-scaled-1.jpg\",\"datePublished\":\"2024-02-13T07:23:31+00:00\",\"dateModified\":\"2024-09-03T13:27:55+00:00\",\"breadcrumb\":{\"@id\":\"https:\/\/groupeidec-international.com\/it\/idec-group-iberica-finaliza-la-urbanizacion-de-la-primera-fase-de-su-parque-empresarial-xxl-de-energia-positiva-de-antequera\/#breadcrumb\"},\"inLanguage\":\"it-IT\",\"potentialAction\":[{\"@type\":\"ReadAction\",\"target\":[\"https:\/\/groupeidec-international.com\/it\/idec-group-iberica-finaliza-la-urbanizacion-de-la-primera-fase-de-su-parque-empresarial-xxl-de-energia-positiva-de-antequera\/\"]}]},{\"@type\":\"ImageObject\",\"inLanguage\":\"it-IT\",\"@id\":\"https:\/\/groupeidec-international.com\/it\/idec-group-iberica-finaliza-la-urbanizacion-de-la-primera-fase-de-su-parque-empresarial-xxl-de-energia-positiva-de-antequera\/#primaryimage\",\"url\":\"https:\/\/groupeidec-international.com\/wp-content\/uploads\/2024\/02\/m30675_Dry-40_CP-Amenagement-scaled-1.jpg\",\"contentUrl\":\"https:\/\/groupeidec-international.com\/wp-content\/uploads\/2024\/02\/m30675_Dry-40_CP-Amenagement-scaled-1.jpg\",\"width\":2560,\"height\":991},{\"@type\":\"BreadcrumbList\",\"@id\":\"https:\/\/groupeidec-international.com\/it\/idec-group-iberica-finaliza-la-urbanizacion-de-la-primera-fase-de-su-parque-empresarial-xxl-de-energia-positiva-de-antequera\/#breadcrumb\",\"itemListElement\":[{\"@type\":\"ListItem\",\"position\":1,\"name\":\"Home page\",\"item\":\"https:\/\/groupeidec-international.com\/it\/\"},{\"@type\":\"ListItem\",\"position\":2,\"name\":\"Allestimento\",\"item\":\"https:\/\/groupeidec-international.com\/it\/category\/allestimento\/\"},{\"@type\":\"ListItem\",\"position\":3,\"name\":\"IDEC GROUP IBERICA completa lo sviluppo della prima fase del suo parco commerciale di energia positiva XXL ad Antequera\"}]},{\"@type\":\"WebSite\",\"@id\":\"https:\/\/groupeidec-international.com\/it\/#website\",\"url\":\"https:\/\/groupeidec-international.com\/it\/\",\"name\":\"GROUPE IDEC INTERNATIONAL\",\"description\":\"\",\"publisher\":{\"@id\":\"https:\/\/groupeidec-international.com\/it\/#organization\"},\"potentialAction\":[{\"@type\":\"SearchAction\",\"target\":{\"@type\":\"EntryPoint\",\"urlTemplate\":\"https:\/\/groupeidec-international.com\/it\/?s={search_term_string}\"},\"query-input\":{\"@type\":\"PropertyValueSpecification\",\"valueRequired\":true,\"valueName\":\"search_term_string\"}}],\"inLanguage\":\"it-IT\"},{\"@type\":\"Organization\",\"@id\":\"https:\/\/groupeidec-international.com\/it\/#organization\",\"name\":\"GROUPE IDEC INTERNATIONAL\",\"url\":\"https:\/\/groupeidec-international.com\/it\/\",\"logo\":{\"@type\":\"ImageObject\",\"inLanguage\":\"it-IT\",\"@id\":\"https:\/\/groupeidec-international.com\/it\/#\/schema\/logo\/image\/\",\"url\":\"https:\/\/groupeidec-international.com\/wp-content\/uploads\/2024\/04\/logo_groupe-idec-international_black_175x75.png\",\"contentUrl\":\"https:\/\/groupeidec-international.com\/wp-content\/uploads\/2024\/04\/logo_groupe-idec-international_black_175x75.png\",\"width\":175,\"height\":75,\"caption\":\"GROUPE IDEC INTERNATIONAL\"},\"image\":{\"@id\":\"https:\/\/groupeidec-international.com\/it\/#\/schema\/logo\/image\/\"},\"sameAs\":[\"https:\/\/www.linkedin.com\/company\/idec-group-iberica\/\"]},{\"@type\":\"Person\",\"@id\":\"https:\/\/groupeidec-international.com\/it\/#\/schema\/person\/e9849822abbb269a7c4fc8673199c49d\",\"name\":\"J-Michel\",\"image\":{\"@type\":\"ImageObject\",\"inLanguage\":\"it-IT\",\"@id\":\"https:\/\/secure.gravatar.com\/avatar\/8112561cfb89241ffe7ea765b7ec7b5ac1b9e4657aa6f87aec6721658152e18b?s=96&d=mm&r=g\",\"url\":\"https:\/\/secure.gravatar.com\/avatar\/8112561cfb89241ffe7ea765b7ec7b5ac1b9e4657aa6f87aec6721658152e18b?s=96&d=mm&r=g\",\"contentUrl\":\"https:\/\/secure.gravatar.com\/avatar\/8112561cfb89241ffe7ea765b7ec7b5ac1b9e4657aa6f87aec6721658152e18b?s=96&d=mm&r=g\",\"caption\":\"J-Michel\"},\"sameAs\":[\"https:\/\/groupeidec-international.com\"]}]}<\/script>\n<!-- \/ Yoast SEO plugin. -->","yoast_head_json":{"title":"IDEC GROUP IBERICA completa lo sviluppo della prima fase del suo parco commerciale di energia positiva XXL ad Antequera - GROUPE IDEC INTERNATIONAL","robots":{"index":"index","follow":"follow","max-snippet":"max-snippet:-1","max-image-preview":"max-image-preview:large","max-video-preview":"max-video-preview:-1"},"canonical":"https:\/\/groupeidec-international.com\/it\/idec-group-iberica-finaliza-la-urbanizacion-de-la-primera-fase-de-su-parque-empresarial-xxl-de-energia-positiva-de-antequera\/","og_locale":"it_IT","og_type":"article","og_title":"IDEC GROUP IBERICA completa lo sviluppo della prima fase del suo parco commerciale di energia positiva XXL ad Antequera - GROUPE IDEC INTERNATIONAL","og_description":"IDEC GROUP IBERICA, filiale del GROUPE IDEC INTERNATIONAL, sta sviluppando il primo parco commerciale di energia positiva XXL in Europa, che si trova ad Antequera, provincia di M\u00e1laga. Lo sviluppo...","og_url":"https:\/\/groupeidec-international.com\/it\/idec-group-iberica-finaliza-la-urbanizacion-de-la-primera-fase-de-su-parque-empresarial-xxl-de-energia-positiva-de-antequera\/","og_site_name":"GROUPE IDEC INTERNATIONAL","article_published_time":"2024-02-13T07:23:31+00:00","article_modified_time":"2024-09-03T13:27:55+00:00","og_image":[{"width":2560,"height":991,"url":"https:\/\/groupeidec-international.com\/wp-content\/uploads\/2024\/02\/m30675_Dry-40_CP-Amenagement-scaled-1.jpg","type":"image\/jpeg"}],"author":"J-Michel","twitter_card":"summary_large_image","twitter_misc":{"Scritto da":"J-Michel","Tempo di lettura stimato":"3 minuti"},"schema":{"@context":"https:\/\/schema.org","@graph":[{"@type":"Article","@id":"https:\/\/groupeidec-international.com\/it\/idec-group-iberica-finaliza-la-urbanizacion-de-la-primera-fase-de-su-parque-empresarial-xxl-de-energia-positiva-de-antequera\/#article","isPartOf":{"@id":"https:\/\/groupeidec-international.com\/it\/idec-group-iberica-finaliza-la-urbanizacion-de-la-primera-fase-de-su-parque-empresarial-xxl-de-energia-positiva-de-antequera\/"},"author":{"name":"J-Michel","@id":"https:\/\/groupeidec-international.com\/it\/#\/schema\/person\/e9849822abbb269a7c4fc8673199c49d"},"headline":"IDEC GROUP IBERICA completa lo sviluppo della prima fase del suo parco commerciale di energia positiva XXL ad Antequera","datePublished":"2024-02-13T07:23:31+00:00","dateModified":"2024-09-03T13:27:55+00:00","mainEntityOfPage":{"@id":"https:\/\/groupeidec-international.com\/it\/idec-group-iberica-finaliza-la-urbanizacion-de-la-primera-fase-de-su-parque-empresarial-xxl-de-energia-positiva-de-antequera\/"},"wordCount":468,"publisher":{"@id":"https:\/\/groupeidec-international.com\/it\/#organization"},"image":{"@id":"https:\/\/groupeidec-international.com\/it\/idec-group-iberica-finaliza-la-urbanizacion-de-la-primera-fase-de-su-parque-empresarial-xxl-de-energia-positiva-de-antequera\/#primaryimage"},"thumbnailUrl":"https:\/\/groupeidec-international.com\/wp-content\/uploads\/2024\/02\/m30675_Dry-40_CP-Amenagement-scaled-1.jpg","keywords":["Spagna"],"articleSection":["Allestimento"],"inLanguage":"it-IT"},{"@type":"WebPage","@id":"https:\/\/groupeidec-international.com\/it\/idec-group-iberica-finaliza-la-urbanizacion-de-la-primera-fase-de-su-parque-empresarial-xxl-de-energia-positiva-de-antequera\/","url":"https:\/\/groupeidec-international.com\/it\/idec-group-iberica-finaliza-la-urbanizacion-de-la-primera-fase-de-su-parque-empresarial-xxl-de-energia-positiva-de-antequera\/","name":"IDEC GROUP IBERICA completa lo sviluppo della prima fase del suo parco commerciale di energia positiva XXL ad Antequera - GROUPE IDEC INTERNATIONAL","isPartOf":{"@id":"https:\/\/groupeidec-international.com\/it\/#website"},"primaryImageOfPage":{"@id":"https:\/\/groupeidec-international.com\/it\/idec-group-iberica-finaliza-la-urbanizacion-de-la-primera-fase-de-su-parque-empresarial-xxl-de-energia-positiva-de-antequera\/#primaryimage"},"image":{"@id":"https:\/\/groupeidec-international.com\/it\/idec-group-iberica-finaliza-la-urbanizacion-de-la-primera-fase-de-su-parque-empresarial-xxl-de-energia-positiva-de-antequera\/#primaryimage"},"thumbnailUrl":"https:\/\/groupeidec-international.com\/wp-content\/uploads\/2024\/02\/m30675_Dry-40_CP-Amenagement-scaled-1.jpg","datePublished":"2024-02-13T07:23:31+00:00","dateModified":"2024-09-03T13:27:55+00:00","breadcrumb":{"@id":"https:\/\/groupeidec-international.com\/it\/idec-group-iberica-finaliza-la-urbanizacion-de-la-primera-fase-de-su-parque-empresarial-xxl-de-energia-positiva-de-antequera\/#breadcrumb"},"inLanguage":"it-IT","potentialAction":[{"@type":"ReadAction","target":["https:\/\/groupeidec-international.com\/it\/idec-group-iberica-finaliza-la-urbanizacion-de-la-primera-fase-de-su-parque-empresarial-xxl-de-energia-positiva-de-antequera\/"]}]},{"@type":"ImageObject","inLanguage":"it-IT","@id":"https:\/\/groupeidec-international.com\/it\/idec-group-iberica-finaliza-la-urbanizacion-de-la-primera-fase-de-su-parque-empresarial-xxl-de-energia-positiva-de-antequera\/#primaryimage","url":"https:\/\/groupeidec-international.com\/wp-content\/uploads\/2024\/02\/m30675_Dry-40_CP-Amenagement-scaled-1.jpg","contentUrl":"https:\/\/groupeidec-international.com\/wp-content\/uploads\/2024\/02\/m30675_Dry-40_CP-Amenagement-scaled-1.jpg","width":2560,"height":991},{"@type":"BreadcrumbList","@id":"https:\/\/groupeidec-international.com\/it\/idec-group-iberica-finaliza-la-urbanizacion-de-la-primera-fase-de-su-parque-empresarial-xxl-de-energia-positiva-de-antequera\/#breadcrumb","itemListElement":[{"@type":"ListItem","position":1,"name":"Home page","item":"https:\/\/groupeidec-international.com\/it\/"},{"@type":"ListItem","position":2,"name":"Allestimento","item":"https:\/\/groupeidec-international.com\/it\/category\/allestimento\/"},{"@type":"ListItem","position":3,"name":"IDEC GROUP IBERICA completa lo sviluppo della prima fase del suo parco commerciale di energia positiva XXL ad Antequera"}]},{"@type":"WebSite","@id":"https:\/\/groupeidec-international.com\/it\/#website","url":"https:\/\/groupeidec-international.com\/it\/","name":"GROUPE IDEC INTERNATIONAL","description":"","publisher":{"@id":"https:\/\/groupeidec-international.com\/it\/#organization"},"potentialAction":[{"@type":"SearchAction","target":{"@type":"EntryPoint","urlTemplate":"https:\/\/groupeidec-international.com\/it\/?s={search_term_string}"},"query-input":{"@type":"PropertyValueSpecification","valueRequired":true,"valueName":"search_term_string"}}],"inLanguage":"it-IT"},{"@type":"Organization","@id":"https:\/\/groupeidec-international.com\/it\/#organization","name":"GROUPE IDEC INTERNATIONAL","url":"https:\/\/groupeidec-international.com\/it\/","logo":{"@type":"ImageObject","inLanguage":"it-IT","@id":"https:\/\/groupeidec-international.com\/it\/#\/schema\/logo\/image\/","url":"https:\/\/groupeidec-international.com\/wp-content\/uploads\/2024\/04\/logo_groupe-idec-international_black_175x75.png","contentUrl":"https:\/\/groupeidec-international.com\/wp-content\/uploads\/2024\/04\/logo_groupe-idec-international_black_175x75.png","width":175,"height":75,"caption":"GROUPE IDEC INTERNATIONAL"},"image":{"@id":"https:\/\/groupeidec-international.com\/it\/#\/schema\/logo\/image\/"},"sameAs":["https:\/\/www.linkedin.com\/company\/idec-group-iberica\/"]},{"@type":"Person","@id":"https:\/\/groupeidec-international.com\/it\/#\/schema\/person\/e9849822abbb269a7c4fc8673199c49d","name":"J-Michel","image":{"@type":"ImageObject","inLanguage":"it-IT","@id":"https:\/\/secure.gravatar.com\/avatar\/8112561cfb89241ffe7ea765b7ec7b5ac1b9e4657aa6f87aec6721658152e18b?s=96&d=mm&r=g","url":"https:\/\/secure.gravatar.com\/avatar\/8112561cfb89241ffe7ea765b7ec7b5ac1b9e4657aa6f87aec6721658152e18b?s=96&d=mm&r=g","contentUrl":"https:\/\/secure.gravatar.com\/avatar\/8112561cfb89241ffe7ea765b7ec7b5ac1b9e4657aa6f87aec6721658152e18b?s=96&d=mm&r=g","caption":"J-Michel"},"sameAs":["https:\/\/groupeidec-international.com"]}]}},"_links":{"self":[{"href":"https:\/\/groupeidec-international.com\/it\/wp-json\/wp\/v2\/posts\/6802","targetHints":{"allow":["GET"]}}],"collection":[{"href":"https:\/\/groupeidec-international.com\/it\/wp-json\/wp\/v2\/posts"}],"about":[{"href":"https:\/\/groupeidec-international.com\/it\/wp-json\/wp\/v2\/types\/post"}],"author":[{"embeddable":true,"href":"https:\/\/groupeidec-international.com\/it\/wp-json\/wp\/v2\/users\/1"}],"replies":[{"embeddable":true,"href":"https:\/\/groupeidec-international.com\/it\/wp-json\/wp\/v2\/comments?post=6802"}],"version-history":[{"count":2,"href":"https:\/\/groupeidec-international.com\/it\/wp-json\/wp\/v2\/posts\/6802\/revisions"}],"predecessor-version":[{"id":7780,"href":"https:\/\/groupeidec-international.com\/it\/wp-json\/wp\/v2\/posts\/6802\/revisions\/7780"}],"wp:featuredmedia":[{"embeddable":true,"href":"https:\/\/groupeidec-international.com\/it\/wp-json\/wp\/v2\/media\/6803"}],"wp:attachment":[{"href":"https:\/\/groupeidec-international.com\/it\/wp-json\/wp\/v2\/media?parent=6802"}],"wp:term":[{"taxonomy":"category","embeddable":true,"href":"https:\/\/groupeidec-international.com\/it\/wp-json\/wp\/v2\/categories?post=6802"},{"taxonomy":"post_tag","embeddable":true,"href":"https:\/\/groupeidec-international.com\/it\/wp-json\/wp\/v2\/tags?post=6802"}],"curies":[{"name":"wp","href":"https:\/\/api.w.org\/{rel}","templated":true}]}}