{"id":6804,"date":"2023-12-27T08:23:31","date_gmt":"2023-12-27T07:23:31","guid":{"rendered":"https:\/\/groupeidec-international.com\/finalizacion-de-las-obras-de-la-fase-1-del-parque-logistico-eindustrial\/"},"modified":"2024-09-03T15:28:37","modified_gmt":"2024-09-03T13:28:37","slug":"finalizacion-de-las-obras-de-la-fase-1-del-parque-logistico-eindustrial","status":"publish","type":"post","link":"https:\/\/groupeidec-international.com\/it\/finalizacion-de-las-obras-de-la-fase-1-del-parque-logistico-eindustrial\/","title":{"rendered":"Completamento dei lavori della fase 1 del parco logistico e industriale."},"content":{"rendered":"\n<p>Iniziati nell&#8217;estate del 2021, i lavori di sviluppo della prima fase di 37 ettari sono stati completati il \u200b\u200b27 dicembre 2023.<\/p>\n\n\n\n<figure class=\"wp-block-embed is-type-video is-provider-youtube wp-block-embed-youtube wp-embed-aspect-16-9 wp-has-aspect-ratio\"><div class=\"wp-block-embed__wrapper\">\n<iframe loading=\"lazy\" title=\"Fin des travaux d&#039;am\u00e9nagement de la phase 1 du parc d&#039;ANTEQUERA\" width=\"1080\" height=\"608\" src=\"https:\/\/www.youtube.com\/embed\/afcRPKIf_DY?feature=oembed\" frameborder=\"0\" allow=\"accelerometer; autoplay; clipboard-write; encrypted-media; gyroscope; picture-in-picture; web-share\" referrerpolicy=\"strict-origin-when-cross-origin\" allowfullscreen><\/iframe>\n<\/div><figcaption class=\"wp-element-caption\">Dopo diversi mesi di lavoro, le autorit\u00e0 locali, i partner locali e i team di IDEC GROUP IBERICA hanno completato la prima fase del parco. Sono stati realizzati diversi punti di accesso, tra cui uno svincolo in grado di assorbire il futuro traffico stradale dell&#8217;intero parco, e diverse opere ingegneristiche per l&#8217;attraversamento di corsi d&#8217;acqua e ferrovie. Un terminal ferroviario collegato alla rete nazionale, una sottostazione elettrica, un impianto di trattamento delle acque reflue, una discarica, reti igienico-sanitarie e di approvvigionamento idrico e diversi lotti per servizi pubblici e privati \u200b\u200bcompletano il programma.<\/figcaption><\/figure>\n","protected":false},"excerpt":{"rendered":"<p>Iniziati nell&#8217;estate del 2021, i lavori di sviluppo della prima fase di 37 ettari sono stati completati il \u200b\u200b27 dicembre 2023.<\/p>\n","protected":false},"author":1,"featured_media":6805,"comment_status":"closed","ping_status":"closed","sticky":false,"template":"","format":"standard","meta":{"footnotes":""},"categories":[119],"tags":[113],"class_list":{"0":"post-6804","1":"post","2":"type-post","3":"status-publish","4":"format-standard","5":"has-post-thumbnail","7":"category-allestimento","8":"tag-spagna"},"yoast_head":"<!-- This site is optimized with the Yoast SEO plugin v27.2 - https:\/\/yoast.com\/product\/yoast-seo-wordpress\/ -->\n<title>Finalizaci\u00f3n de las obras de la fase 1 del parque - GROUPE IDEC INTERNATIONAL<\/title>\n<meta name=\"description\" content=\"La finalizaci\u00f3n de las obras de la fase 1 del parque log\u00edstico e industrial tuvo lugar el 27 de diciembre de 2023 en Antequera.\" \/>\n<meta name=\"robots\" content=\"index, follow, max-snippet:-1, max-image-preview:large, max-video-preview:-1\" \/>\n<link rel=\"canonical\" href=\"https:\/\/groupeidec-international.com\/it\/finalizacion-de-las-obras-de-la-fase-1-del-parque-logistico-eindustrial\/\" \/>\n<meta property=\"og:locale\" content=\"it_IT\" \/>\n<meta property=\"og:type\" content=\"article\" \/>\n<meta property=\"og:title\" content=\"Finalizaci\u00f3n de las obras de la fase 1 del parque - GROUPE IDEC INTERNATIONAL\" \/>\n<meta property=\"og:description\" content=\"La finalizaci\u00f3n de las obras de la fase 1 del parque log\u00edstico e industrial tuvo lugar el 27 de diciembre de 2023 en Antequera.\" \/>\n<meta property=\"og:url\" content=\"https:\/\/groupeidec-international.com\/it\/finalizacion-de-las-obras-de-la-fase-1-del-parque-logistico-eindustrial\/\" \/>\n<meta property=\"og:site_name\" content=\"GROUPE IDEC INTERNATIONAL\" \/>\n<meta property=\"article:published_time\" content=\"2023-12-27T07:23:31+00:00\" \/>\n<meta property=\"article:modified_time\" content=\"2024-09-03T13:28:37+00:00\" \/>\n<meta property=\"og:image\" content=\"https:\/\/groupeidec-international.com\/wp-content\/uploads\/2024\/02\/Capture-1.jpg\" \/>\n\t<meta property=\"og:image:width\" content=\"1368\" \/>\n\t<meta property=\"og:image:height\" content=\"726\" \/>\n\t<meta property=\"og:image:type\" content=\"image\/jpeg\" \/>\n<meta name=\"author\" content=\"J-Michel\" \/>\n<meta name=\"twitter:card\" content=\"summary_large_image\" \/>\n<meta name=\"twitter:label1\" content=\"Scritto da\" \/>\n\t<meta name=\"twitter:data1\" content=\"J-Michel\" \/>\n\t<meta name=\"twitter:label2\" content=\"Tempo di lettura stimato\" \/>\n\t<meta name=\"twitter:data2\" content=\"1 minuto\" \/>\n<script type=\"application\/ld+json\" class=\"yoast-schema-graph\">{\"@context\":\"https:\/\/schema.org\",\"@graph\":[{\"@type\":\"Article\",\"@id\":\"https:\/\/groupeidec-international.com\/it\/finalizacion-de-las-obras-de-la-fase-1-del-parque-logistico-eindustrial\/#article\",\"isPartOf\":{\"@id\":\"https:\/\/groupeidec-international.com\/it\/finalizacion-de-las-obras-de-la-fase-1-del-parque-logistico-eindustrial\/\"},\"author\":{\"name\":\"J-Michel\",\"@id\":\"https:\/\/groupeidec-international.com\/it\/#\/schema\/person\/e9849822abbb269a7c4fc8673199c49d\"},\"headline\":\"Completamento dei lavori della fase 1 del parco logistico e industriale.\",\"datePublished\":\"2023-12-27T07:23:31+00:00\",\"dateModified\":\"2024-09-03T13:28:37+00:00\",\"mainEntityOfPage\":{\"@id\":\"https:\/\/groupeidec-international.com\/it\/finalizacion-de-las-obras-de-la-fase-1-del-parque-logistico-eindustrial\/\"},\"wordCount\":129,\"publisher\":{\"@id\":\"https:\/\/groupeidec-international.com\/it\/#organization\"},\"image\":{\"@id\":\"https:\/\/groupeidec-international.com\/it\/finalizacion-de-las-obras-de-la-fase-1-del-parque-logistico-eindustrial\/#primaryimage\"},\"thumbnailUrl\":\"https:\/\/groupeidec-international.com\/wp-content\/uploads\/2024\/02\/Capture-1.jpg\",\"keywords\":[\"Spagna\"],\"articleSection\":[\"Allestimento\"],\"inLanguage\":\"it-IT\"},{\"@type\":\"WebPage\",\"@id\":\"https:\/\/groupeidec-international.com\/it\/finalizacion-de-las-obras-de-la-fase-1-del-parque-logistico-eindustrial\/\",\"url\":\"https:\/\/groupeidec-international.com\/it\/finalizacion-de-las-obras-de-la-fase-1-del-parque-logistico-eindustrial\/\",\"name\":\"Finalizaci\u00f3n de las obras de la fase 1 del parque - GROUPE IDEC INTERNATIONAL\",\"isPartOf\":{\"@id\":\"https:\/\/groupeidec-international.com\/it\/#website\"},\"primaryImageOfPage\":{\"@id\":\"https:\/\/groupeidec-international.com\/it\/finalizacion-de-las-obras-de-la-fase-1-del-parque-logistico-eindustrial\/#primaryimage\"},\"image\":{\"@id\":\"https:\/\/groupeidec-international.com\/it\/finalizacion-de-las-obras-de-la-fase-1-del-parque-logistico-eindustrial\/#primaryimage\"},\"thumbnailUrl\":\"https:\/\/groupeidec-international.com\/wp-content\/uploads\/2024\/02\/Capture-1.jpg\",\"datePublished\":\"2023-12-27T07:23:31+00:00\",\"dateModified\":\"2024-09-03T13:28:37+00:00\",\"description\":\"La finalizaci\u00f3n de las obras de la fase 1 del parque log\u00edstico e industrial tuvo lugar el 27 de diciembre de 2023 en Antequera.\",\"breadcrumb\":{\"@id\":\"https:\/\/groupeidec-international.com\/it\/finalizacion-de-las-obras-de-la-fase-1-del-parque-logistico-eindustrial\/#breadcrumb\"},\"inLanguage\":\"it-IT\",\"potentialAction\":[{\"@type\":\"ReadAction\",\"target\":[\"https:\/\/groupeidec-international.com\/it\/finalizacion-de-las-obras-de-la-fase-1-del-parque-logistico-eindustrial\/\"]}]},{\"@type\":\"ImageObject\",\"inLanguage\":\"it-IT\",\"@id\":\"https:\/\/groupeidec-international.com\/it\/finalizacion-de-las-obras-de-la-fase-1-del-parque-logistico-eindustrial\/#primaryimage\",\"url\":\"https:\/\/groupeidec-international.com\/wp-content\/uploads\/2024\/02\/Capture-1.jpg\",\"contentUrl\":\"https:\/\/groupeidec-international.com\/wp-content\/uploads\/2024\/02\/Capture-1.jpg\",\"width\":1368,\"height\":726,\"caption\":\"Vue a\u00e9rienne de la fin des travaux d'am\u00e9nagement\"},{\"@type\":\"BreadcrumbList\",\"@id\":\"https:\/\/groupeidec-international.com\/it\/finalizacion-de-las-obras-de-la-fase-1-del-parque-logistico-eindustrial\/#breadcrumb\",\"itemListElement\":[{\"@type\":\"ListItem\",\"position\":1,\"name\":\"Home page\",\"item\":\"https:\/\/groupeidec-international.com\/it\/\"},{\"@type\":\"ListItem\",\"position\":2,\"name\":\"Allestimento\",\"item\":\"https:\/\/groupeidec-international.com\/it\/category\/allestimento\/\"},{\"@type\":\"ListItem\",\"position\":3,\"name\":\"Completamento dei lavori della fase 1 del parco logistico e industriale.\"}]},{\"@type\":\"WebSite\",\"@id\":\"https:\/\/groupeidec-international.com\/it\/#website\",\"url\":\"https:\/\/groupeidec-international.com\/it\/\",\"name\":\"GROUPE IDEC INTERNATIONAL\",\"description\":\"\",\"publisher\":{\"@id\":\"https:\/\/groupeidec-international.com\/it\/#organization\"},\"potentialAction\":[{\"@type\":\"SearchAction\",\"target\":{\"@type\":\"EntryPoint\",\"urlTemplate\":\"https:\/\/groupeidec-international.com\/it\/?s={search_term_string}\"},\"query-input\":{\"@type\":\"PropertyValueSpecification\",\"valueRequired\":true,\"valueName\":\"search_term_string\"}}],\"inLanguage\":\"it-IT\"},{\"@type\":\"Organization\",\"@id\":\"https:\/\/groupeidec-international.com\/it\/#organization\",\"name\":\"GROUPE IDEC INTERNATIONAL\",\"url\":\"https:\/\/groupeidec-international.com\/it\/\",\"logo\":{\"@type\":\"ImageObject\",\"inLanguage\":\"it-IT\",\"@id\":\"https:\/\/groupeidec-international.com\/it\/#\/schema\/logo\/image\/\",\"url\":\"https:\/\/groupeidec-international.com\/wp-content\/uploads\/2024\/04\/logo_groupe-idec-international_black_175x75.png\",\"contentUrl\":\"https:\/\/groupeidec-international.com\/wp-content\/uploads\/2024\/04\/logo_groupe-idec-international_black_175x75.png\",\"width\":175,\"height\":75,\"caption\":\"GROUPE IDEC INTERNATIONAL\"},\"image\":{\"@id\":\"https:\/\/groupeidec-international.com\/it\/#\/schema\/logo\/image\/\"},\"sameAs\":[\"https:\/\/www.linkedin.com\/company\/idec-group-iberica\/\"]},{\"@type\":\"Person\",\"@id\":\"https:\/\/groupeidec-international.com\/it\/#\/schema\/person\/e9849822abbb269a7c4fc8673199c49d\",\"name\":\"J-Michel\",\"image\":{\"@type\":\"ImageObject\",\"inLanguage\":\"it-IT\",\"@id\":\"https:\/\/secure.gravatar.com\/avatar\/8112561cfb89241ffe7ea765b7ec7b5ac1b9e4657aa6f87aec6721658152e18b?s=96&d=mm&r=g\",\"url\":\"https:\/\/secure.gravatar.com\/avatar\/8112561cfb89241ffe7ea765b7ec7b5ac1b9e4657aa6f87aec6721658152e18b?s=96&d=mm&r=g\",\"contentUrl\":\"https:\/\/secure.gravatar.com\/avatar\/8112561cfb89241ffe7ea765b7ec7b5ac1b9e4657aa6f87aec6721658152e18b?s=96&d=mm&r=g\",\"caption\":\"J-Michel\"},\"sameAs\":[\"https:\/\/groupeidec-international.com\"]}]}<\/script>\n<!-- \/ Yoast SEO plugin. -->","yoast_head_json":{"title":"Finalizaci\u00f3n de las obras de la fase 1 del parque - GROUPE IDEC INTERNATIONAL","description":"La finalizaci\u00f3n de las obras de la fase 1 del parque log\u00edstico e industrial tuvo lugar el 27 de diciembre de 2023 en Antequera.","robots":{"index":"index","follow":"follow","max-snippet":"max-snippet:-1","max-image-preview":"max-image-preview:large","max-video-preview":"max-video-preview:-1"},"canonical":"https:\/\/groupeidec-international.com\/it\/finalizacion-de-las-obras-de-la-fase-1-del-parque-logistico-eindustrial\/","og_locale":"it_IT","og_type":"article","og_title":"Finalizaci\u00f3n de las obras de la fase 1 del parque - GROUPE IDEC INTERNATIONAL","og_description":"La finalizaci\u00f3n de las obras de la fase 1 del parque log\u00edstico e industrial tuvo lugar el 27 de diciembre de 2023 en Antequera.","og_url":"https:\/\/groupeidec-international.com\/it\/finalizacion-de-las-obras-de-la-fase-1-del-parque-logistico-eindustrial\/","og_site_name":"GROUPE IDEC INTERNATIONAL","article_published_time":"2023-12-27T07:23:31+00:00","article_modified_time":"2024-09-03T13:28:37+00:00","og_image":[{"width":1368,"height":726,"url":"https:\/\/groupeidec-international.com\/wp-content\/uploads\/2024\/02\/Capture-1.jpg","type":"image\/jpeg"}],"author":"J-Michel","twitter_card":"summary_large_image","twitter_misc":{"Scritto da":"J-Michel","Tempo di lettura stimato":"1 minuto"},"schema":{"@context":"https:\/\/schema.org","@graph":[{"@type":"Article","@id":"https:\/\/groupeidec-international.com\/it\/finalizacion-de-las-obras-de-la-fase-1-del-parque-logistico-eindustrial\/#article","isPartOf":{"@id":"https:\/\/groupeidec-international.com\/it\/finalizacion-de-las-obras-de-la-fase-1-del-parque-logistico-eindustrial\/"},"author":{"name":"J-Michel","@id":"https:\/\/groupeidec-international.com\/it\/#\/schema\/person\/e9849822abbb269a7c4fc8673199c49d"},"headline":"Completamento dei lavori della fase 1 del parco logistico e industriale.","datePublished":"2023-12-27T07:23:31+00:00","dateModified":"2024-09-03T13:28:37+00:00","mainEntityOfPage":{"@id":"https:\/\/groupeidec-international.com\/it\/finalizacion-de-las-obras-de-la-fase-1-del-parque-logistico-eindustrial\/"},"wordCount":129,"publisher":{"@id":"https:\/\/groupeidec-international.com\/it\/#organization"},"image":{"@id":"https:\/\/groupeidec-international.com\/it\/finalizacion-de-las-obras-de-la-fase-1-del-parque-logistico-eindustrial\/#primaryimage"},"thumbnailUrl":"https:\/\/groupeidec-international.com\/wp-content\/uploads\/2024\/02\/Capture-1.jpg","keywords":["Spagna"],"articleSection":["Allestimento"],"inLanguage":"it-IT"},{"@type":"WebPage","@id":"https:\/\/groupeidec-international.com\/it\/finalizacion-de-las-obras-de-la-fase-1-del-parque-logistico-eindustrial\/","url":"https:\/\/groupeidec-international.com\/it\/finalizacion-de-las-obras-de-la-fase-1-del-parque-logistico-eindustrial\/","name":"Finalizaci\u00f3n de las obras de la fase 1 del parque - GROUPE IDEC INTERNATIONAL","isPartOf":{"@id":"https:\/\/groupeidec-international.com\/it\/#website"},"primaryImageOfPage":{"@id":"https:\/\/groupeidec-international.com\/it\/finalizacion-de-las-obras-de-la-fase-1-del-parque-logistico-eindustrial\/#primaryimage"},"image":{"@id":"https:\/\/groupeidec-international.com\/it\/finalizacion-de-las-obras-de-la-fase-1-del-parque-logistico-eindustrial\/#primaryimage"},"thumbnailUrl":"https:\/\/groupeidec-international.com\/wp-content\/uploads\/2024\/02\/Capture-1.jpg","datePublished":"2023-12-27T07:23:31+00:00","dateModified":"2024-09-03T13:28:37+00:00","description":"La finalizaci\u00f3n de las obras de la fase 1 del parque log\u00edstico e industrial tuvo lugar el 27 de diciembre de 2023 en Antequera.","breadcrumb":{"@id":"https:\/\/groupeidec-international.com\/it\/finalizacion-de-las-obras-de-la-fase-1-del-parque-logistico-eindustrial\/#breadcrumb"},"inLanguage":"it-IT","potentialAction":[{"@type":"ReadAction","target":["https:\/\/groupeidec-international.com\/it\/finalizacion-de-las-obras-de-la-fase-1-del-parque-logistico-eindustrial\/"]}]},{"@type":"ImageObject","inLanguage":"it-IT","@id":"https:\/\/groupeidec-international.com\/it\/finalizacion-de-las-obras-de-la-fase-1-del-parque-logistico-eindustrial\/#primaryimage","url":"https:\/\/groupeidec-international.com\/wp-content\/uploads\/2024\/02\/Capture-1.jpg","contentUrl":"https:\/\/groupeidec-international.com\/wp-content\/uploads\/2024\/02\/Capture-1.jpg","width":1368,"height":726,"caption":"Vue a\u00e9rienne de la fin des travaux d'am\u00e9nagement"},{"@type":"BreadcrumbList","@id":"https:\/\/groupeidec-international.com\/it\/finalizacion-de-las-obras-de-la-fase-1-del-parque-logistico-eindustrial\/#breadcrumb","itemListElement":[{"@type":"ListItem","position":1,"name":"Home page","item":"https:\/\/groupeidec-international.com\/it\/"},{"@type":"ListItem","position":2,"name":"Allestimento","item":"https:\/\/groupeidec-international.com\/it\/category\/allestimento\/"},{"@type":"ListItem","position":3,"name":"Completamento dei lavori della fase 1 del parco logistico e industriale."}]},{"@type":"WebSite","@id":"https:\/\/groupeidec-international.com\/it\/#website","url":"https:\/\/groupeidec-international.com\/it\/","name":"GROUPE IDEC INTERNATIONAL","description":"","publisher":{"@id":"https:\/\/groupeidec-international.com\/it\/#organization"},"potentialAction":[{"@type":"SearchAction","target":{"@type":"EntryPoint","urlTemplate":"https:\/\/groupeidec-international.com\/it\/?s={search_term_string}"},"query-input":{"@type":"PropertyValueSpecification","valueRequired":true,"valueName":"search_term_string"}}],"inLanguage":"it-IT"},{"@type":"Organization","@id":"https:\/\/groupeidec-international.com\/it\/#organization","name":"GROUPE IDEC INTERNATIONAL","url":"https:\/\/groupeidec-international.com\/it\/","logo":{"@type":"ImageObject","inLanguage":"it-IT","@id":"https:\/\/groupeidec-international.com\/it\/#\/schema\/logo\/image\/","url":"https:\/\/groupeidec-international.com\/wp-content\/uploads\/2024\/04\/logo_groupe-idec-international_black_175x75.png","contentUrl":"https:\/\/groupeidec-international.com\/wp-content\/uploads\/2024\/04\/logo_groupe-idec-international_black_175x75.png","width":175,"height":75,"caption":"GROUPE IDEC INTERNATIONAL"},"image":{"@id":"https:\/\/groupeidec-international.com\/it\/#\/schema\/logo\/image\/"},"sameAs":["https:\/\/www.linkedin.com\/company\/idec-group-iberica\/"]},{"@type":"Person","@id":"https:\/\/groupeidec-international.com\/it\/#\/schema\/person\/e9849822abbb269a7c4fc8673199c49d","name":"J-Michel","image":{"@type":"ImageObject","inLanguage":"it-IT","@id":"https:\/\/secure.gravatar.com\/avatar\/8112561cfb89241ffe7ea765b7ec7b5ac1b9e4657aa6f87aec6721658152e18b?s=96&d=mm&r=g","url":"https:\/\/secure.gravatar.com\/avatar\/8112561cfb89241ffe7ea765b7ec7b5ac1b9e4657aa6f87aec6721658152e18b?s=96&d=mm&r=g","contentUrl":"https:\/\/secure.gravatar.com\/avatar\/8112561cfb89241ffe7ea765b7ec7b5ac1b9e4657aa6f87aec6721658152e18b?s=96&d=mm&r=g","caption":"J-Michel"},"sameAs":["https:\/\/groupeidec-international.com"]}]}},"_links":{"self":[{"href":"https:\/\/groupeidec-international.com\/it\/wp-json\/wp\/v2\/posts\/6804","targetHints":{"allow":["GET"]}}],"collection":[{"href":"https:\/\/groupeidec-international.com\/it\/wp-json\/wp\/v2\/posts"}],"about":[{"href":"https:\/\/groupeidec-international.com\/it\/wp-json\/wp\/v2\/types\/post"}],"author":[{"embeddable":true,"href":"https:\/\/groupeidec-international.com\/it\/wp-json\/wp\/v2\/users\/1"}],"replies":[{"embeddable":true,"href":"https:\/\/groupeidec-international.com\/it\/wp-json\/wp\/v2\/comments?post=6804"}],"version-history":[{"count":2,"href":"https:\/\/groupeidec-international.com\/it\/wp-json\/wp\/v2\/posts\/6804\/revisions"}],"predecessor-version":[{"id":7781,"href":"https:\/\/groupeidec-international.com\/it\/wp-json\/wp\/v2\/posts\/6804\/revisions\/7781"}],"wp:featuredmedia":[{"embeddable":true,"href":"https:\/\/groupeidec-international.com\/it\/wp-json\/wp\/v2\/media\/6805"}],"wp:attachment":[{"href":"https:\/\/groupeidec-international.com\/it\/wp-json\/wp\/v2\/media?parent=6804"}],"wp:term":[{"taxonomy":"category","embeddable":true,"href":"https:\/\/groupeidec-international.com\/it\/wp-json\/wp\/v2\/categories?post=6804"},{"taxonomy":"post_tag","embeddable":true,"href":"https:\/\/groupeidec-international.com\/it\/wp-json\/wp\/v2\/tags?post=6804"}],"curies":[{"name":"wp","href":"https:\/\/api.w.org\/{rel}","templated":true}]}}