{"id":6806,"date":"2023-06-21T08:23:31","date_gmt":"2023-06-21T06:23:31","guid":{"rendered":"https:\/\/groupeidec-international.com\/decouvrez-la-phase-damenagement-du-parc-logistique-et-industriel\/"},"modified":"2024-08-05T09:19:22","modified_gmt":"2024-08-05T07:19:22","slug":"decouvrez-la-phase-damenagement-du-parc-logistique-et-industriel","status":"publish","type":"post","link":"https:\/\/groupeidec-international.com\/it\/decouvrez-la-phase-damenagement-du-parc-logistique-et-industriel\/","title":{"rendered":"Scopri la fase di sviluppo del parco logistico e industriale. \u00a0"},"content":{"rendered":"\n<p>La Junta de Andaluc\u00eda, attraverso APPA e PSA, ha voluto dare un importante impulso a questo progetto coordinando e finanziando parzialmente la prima fase di sviluppo.<\/p>\n\n\n\n<p>La Fase 1 \u00e8 attualmente in fase di sviluppo da parte del consorzio APPA\/PSA. Ci\u00f2 significa che l\u2019intera urbanizzazione, la viabilit\u00e0 e le strutture comuni saranno completate nel dicembre 2023.<\/p>\n\n\n\n<figure class=\"wp-block-embed is-type-video is-provider-youtube wp-block-embed-youtube wp-embed-aspect-16-9 wp-has-aspect-ratio\"><div class=\"wp-block-embed__wrapper\">\n<iframe loading=\"lazy\" title=\"GRIDINTER antequera chantier juin 2023 MASTER ES\" width=\"1080\" height=\"608\" src=\"https:\/\/www.youtube.com\/embed\/sWVUVSbyZ6A?feature=oembed\" frameborder=\"0\" allow=\"accelerometer; autoplay; clipboard-write; encrypted-media; gyroscope; picture-in-picture; web-share\" referrerpolicy=\"strict-origin-when-cross-origin\" allowfullscreen><\/iframe>\n<\/div><\/figure>\n\n\n\n<p>Il progetto della fase 1 comprende:<\/p>\n\n\n\n<ul class=\"wp-block-list\">\n<li>Uno svincolo per gestire il traffico stradale in tutto il parco e che prevede gi\u00e0 l&#8217;ampliamento dell&#8217;autostrada esistente che collega M\u00e1laga con Cadice.<\/li>\n\n\n\n<li>Un terminal ferroviario collegato alla rete nazionale per gestire i flussi di container marittimi e altre merci che arrivano, partono, vengono prodotte o immagazzinate a Puerto Seco.<\/li>\n\n\n\n<li>Una sottostazione elettrica<\/li>\n\n\n\n<li>Un impianto di trattamento delle acque reflue<\/li>\n\n\n\n<li>Un punto pulito per la raccolta dei rifiuti<\/li>\n\n\n\n<li>Reti igienico-sanitarie e fornitura di acqua grezza e potabile.<\/li>\n\n\n\n<li>Strutture ingegneristiche su corsi d&#8217;acqua e binari ferroviari merci e ad alta velocit\u00e0.<\/li>\n\n\n\n<li>Oltre alle aree edificabili private, le aree pubbliche saranno riservate alla realizzazione di spazi verdi e centri interservizi per la realizzazione di strutture e servizi comuni per gli utenti del parco (distributori di benzina, alberghi, ristoranti,\u2026).<\/li>\n<\/ul>\n\n\n\n<p class=\"has-text-align-left\">&nbsp;<\/p>\n","protected":false},"excerpt":{"rendered":"<p>La Junta de Andaluc\u00eda, attraverso APPA e PSA, ha voluto dare un importante impulso a questo progetto coordinando e finanziando parzialmente la prima fase di sviluppo. La Fase 1 \u00e8&#8230;<\/p>\n","protected":false},"author":1,"featured_media":6807,"comment_status":"closed","ping_status":"closed","sticky":false,"template":"","format":"video","meta":{"footnotes":""},"categories":[119],"tags":[113],"class_list":{"0":"post-6806","1":"post","2":"type-post","3":"status-publish","4":"format-video","5":"has-post-thumbnail","7":"category-allestimento","8":"tag-spagna","9":"post_format-post-format-video"},"yoast_head":"<!-- This site is optimized with the Yoast SEO plugin v27.2 - https:\/\/yoast.com\/product\/yoast-seo-wordpress\/ -->\n<title>D\u00e9couvrez la phase am\u00e9nagement du parc logistique et industriel\u00a0! \u00a0 - GROUPE IDEC INTERNATIONAL<\/title>\n<meta name=\"description\" content=\"D\u00e9couvrez l&#039;\u00e9tat d&#039;avancement de la phase 1 de l&#039;am\u00e9nagement du parc logistique et industriel d&#039;Antequera.\" \/>\n<meta name=\"robots\" content=\"index, follow, max-snippet:-1, max-image-preview:large, max-video-preview:-1\" \/>\n<link rel=\"canonical\" href=\"https:\/\/groupeidec-international.com\/it\/decouvrez-la-phase-damenagement-du-parc-logistique-et-industriel\/\" \/>\n<meta property=\"og:locale\" content=\"it_IT\" \/>\n<meta property=\"og:type\" content=\"article\" \/>\n<meta property=\"og:title\" content=\"D\u00e9couvrez la phase am\u00e9nagement du parc logistique et industriel\u00a0! \u00a0 - GROUPE IDEC INTERNATIONAL\" \/>\n<meta property=\"og:description\" content=\"D\u00e9couvrez l&#039;\u00e9tat d&#039;avancement de la phase 1 de l&#039;am\u00e9nagement du parc logistique et industriel d&#039;Antequera.\" \/>\n<meta property=\"og:url\" content=\"https:\/\/groupeidec-international.com\/it\/decouvrez-la-phase-damenagement-du-parc-logistique-et-industriel\/\" \/>\n<meta property=\"og:site_name\" content=\"GROUPE IDEC INTERNATIONAL\" \/>\n<meta property=\"article:published_time\" content=\"2023-06-21T06:23:31+00:00\" \/>\n<meta property=\"article:modified_time\" content=\"2024-08-05T07:19:22+00:00\" \/>\n<meta property=\"og:image\" content=\"https:\/\/groupeidec-international.com\/wp-content\/uploads\/2023\/11\/01.DJI_0857-scaled-2.jpeg\" \/>\n\t<meta property=\"og:image:width\" content=\"2560\" \/>\n\t<meta property=\"og:image:height\" content=\"1438\" \/>\n\t<meta property=\"og:image:type\" content=\"image\/jpeg\" \/>\n<meta name=\"author\" content=\"J-Michel\" \/>\n<meta name=\"twitter:card\" content=\"summary_large_image\" \/>\n<meta name=\"twitter:label1\" content=\"Scritto da\" \/>\n\t<meta name=\"twitter:data1\" content=\"J-Michel\" \/>\n\t<meta name=\"twitter:label2\" content=\"Tempo di lettura stimato\" \/>\n\t<meta name=\"twitter:data2\" content=\"2 minuti\" \/>\n<script type=\"application\/ld+json\" class=\"yoast-schema-graph\">{\"@context\":\"https:\/\/schema.org\",\"@graph\":[{\"@type\":\"Article\",\"@id\":\"https:\/\/groupeidec-international.com\/it\/decouvrez-la-phase-damenagement-du-parc-logistique-et-industriel\/#article\",\"isPartOf\":{\"@id\":\"https:\/\/groupeidec-international.com\/it\/decouvrez-la-phase-damenagement-du-parc-logistique-et-industriel\/\"},\"author\":{\"name\":\"J-Michel\",\"@id\":\"https:\/\/groupeidec-international.com\/it\/#\/schema\/person\/e9849822abbb269a7c4fc8673199c49d\"},\"headline\":\"Scopri la fase di sviluppo del parco logistico e industriale. \u00a0\",\"datePublished\":\"2023-06-21T06:23:31+00:00\",\"dateModified\":\"2024-08-05T07:19:22+00:00\",\"mainEntityOfPage\":{\"@id\":\"https:\/\/groupeidec-international.com\/it\/decouvrez-la-phase-damenagement-du-parc-logistique-et-industriel\/\"},\"wordCount\":210,\"publisher\":{\"@id\":\"https:\/\/groupeidec-international.com\/it\/#organization\"},\"image\":{\"@id\":\"https:\/\/groupeidec-international.com\/it\/decouvrez-la-phase-damenagement-du-parc-logistique-et-industriel\/#primaryimage\"},\"thumbnailUrl\":\"https:\/\/groupeidec-international.com\/wp-content\/uploads\/2023\/11\/01.DJI_0857-scaled-2.jpeg\",\"keywords\":[\"Spagna\"],\"articleSection\":[\"Allestimento\"],\"inLanguage\":\"it-IT\"},{\"@type\":\"WebPage\",\"@id\":\"https:\/\/groupeidec-international.com\/it\/decouvrez-la-phase-damenagement-du-parc-logistique-et-industriel\/\",\"url\":\"https:\/\/groupeidec-international.com\/it\/decouvrez-la-phase-damenagement-du-parc-logistique-et-industriel\/\",\"name\":\"D\u00e9couvrez la phase am\u00e9nagement du parc logistique et industriel\u00a0! \u00a0 - GROUPE IDEC INTERNATIONAL\",\"isPartOf\":{\"@id\":\"https:\/\/groupeidec-international.com\/it\/#website\"},\"primaryImageOfPage\":{\"@id\":\"https:\/\/groupeidec-international.com\/it\/decouvrez-la-phase-damenagement-du-parc-logistique-et-industriel\/#primaryimage\"},\"image\":{\"@id\":\"https:\/\/groupeidec-international.com\/it\/decouvrez-la-phase-damenagement-du-parc-logistique-et-industriel\/#primaryimage\"},\"thumbnailUrl\":\"https:\/\/groupeidec-international.com\/wp-content\/uploads\/2023\/11\/01.DJI_0857-scaled-2.jpeg\",\"datePublished\":\"2023-06-21T06:23:31+00:00\",\"dateModified\":\"2024-08-05T07:19:22+00:00\",\"description\":\"D\u00e9couvrez l'\u00e9tat d'avancement de la phase 1 de l'am\u00e9nagement du parc logistique et industriel d'Antequera.\",\"breadcrumb\":{\"@id\":\"https:\/\/groupeidec-international.com\/it\/decouvrez-la-phase-damenagement-du-parc-logistique-et-industriel\/#breadcrumb\"},\"inLanguage\":\"it-IT\",\"potentialAction\":[{\"@type\":\"ReadAction\",\"target\":[\"https:\/\/groupeidec-international.com\/it\/decouvrez-la-phase-damenagement-du-parc-logistique-et-industriel\/\"]}]},{\"@type\":\"ImageObject\",\"inLanguage\":\"it-IT\",\"@id\":\"https:\/\/groupeidec-international.com\/it\/decouvrez-la-phase-damenagement-du-parc-logistique-et-industriel\/#primaryimage\",\"url\":\"https:\/\/groupeidec-international.com\/wp-content\/uploads\/2023\/11\/01.DJI_0857-scaled-2.jpeg\",\"contentUrl\":\"https:\/\/groupeidec-international.com\/wp-content\/uploads\/2023\/11\/01.DJI_0857-scaled-2.jpeg\",\"width\":2560,\"height\":1438,\"caption\":\"???????\"},{\"@type\":\"BreadcrumbList\",\"@id\":\"https:\/\/groupeidec-international.com\/it\/decouvrez-la-phase-damenagement-du-parc-logistique-et-industriel\/#breadcrumb\",\"itemListElement\":[{\"@type\":\"ListItem\",\"position\":1,\"name\":\"Home page\",\"item\":\"https:\/\/groupeidec-international.com\/it\/\"},{\"@type\":\"ListItem\",\"position\":2,\"name\":\"Allestimento\",\"item\":\"https:\/\/groupeidec-international.com\/it\/category\/allestimento\/\"},{\"@type\":\"ListItem\",\"position\":3,\"name\":\"Scopri la fase di sviluppo del parco logistico e industriale. \u00a0\"}]},{\"@type\":\"WebSite\",\"@id\":\"https:\/\/groupeidec-international.com\/it\/#website\",\"url\":\"https:\/\/groupeidec-international.com\/it\/\",\"name\":\"GROUPE IDEC INTERNATIONAL\",\"description\":\"\",\"publisher\":{\"@id\":\"https:\/\/groupeidec-international.com\/it\/#organization\"},\"potentialAction\":[{\"@type\":\"SearchAction\",\"target\":{\"@type\":\"EntryPoint\",\"urlTemplate\":\"https:\/\/groupeidec-international.com\/it\/?s={search_term_string}\"},\"query-input\":{\"@type\":\"PropertyValueSpecification\",\"valueRequired\":true,\"valueName\":\"search_term_string\"}}],\"inLanguage\":\"it-IT\"},{\"@type\":\"Organization\",\"@id\":\"https:\/\/groupeidec-international.com\/it\/#organization\",\"name\":\"GROUPE IDEC INTERNATIONAL\",\"url\":\"https:\/\/groupeidec-international.com\/it\/\",\"logo\":{\"@type\":\"ImageObject\",\"inLanguage\":\"it-IT\",\"@id\":\"https:\/\/groupeidec-international.com\/it\/#\/schema\/logo\/image\/\",\"url\":\"https:\/\/groupeidec-international.com\/wp-content\/uploads\/2024\/04\/logo_groupe-idec-international_black_175x75.png\",\"contentUrl\":\"https:\/\/groupeidec-international.com\/wp-content\/uploads\/2024\/04\/logo_groupe-idec-international_black_175x75.png\",\"width\":175,\"height\":75,\"caption\":\"GROUPE IDEC INTERNATIONAL\"},\"image\":{\"@id\":\"https:\/\/groupeidec-international.com\/it\/#\/schema\/logo\/image\/\"},\"sameAs\":[\"https:\/\/www.linkedin.com\/company\/idec-group-iberica\/\"]},{\"@type\":\"Person\",\"@id\":\"https:\/\/groupeidec-international.com\/it\/#\/schema\/person\/e9849822abbb269a7c4fc8673199c49d\",\"name\":\"J-Michel\",\"image\":{\"@type\":\"ImageObject\",\"inLanguage\":\"it-IT\",\"@id\":\"https:\/\/secure.gravatar.com\/avatar\/8112561cfb89241ffe7ea765b7ec7b5ac1b9e4657aa6f87aec6721658152e18b?s=96&d=mm&r=g\",\"url\":\"https:\/\/secure.gravatar.com\/avatar\/8112561cfb89241ffe7ea765b7ec7b5ac1b9e4657aa6f87aec6721658152e18b?s=96&d=mm&r=g\",\"contentUrl\":\"https:\/\/secure.gravatar.com\/avatar\/8112561cfb89241ffe7ea765b7ec7b5ac1b9e4657aa6f87aec6721658152e18b?s=96&d=mm&r=g\",\"caption\":\"J-Michel\"},\"sameAs\":[\"https:\/\/groupeidec-international.com\"]}]}<\/script>\n<!-- \/ Yoast SEO plugin. -->","yoast_head_json":{"title":"D\u00e9couvrez la phase am\u00e9nagement du parc logistique et industriel\u00a0! \u00a0 - GROUPE IDEC INTERNATIONAL","description":"D\u00e9couvrez l'\u00e9tat d'avancement de la phase 1 de l'am\u00e9nagement du parc logistique et industriel d'Antequera.","robots":{"index":"index","follow":"follow","max-snippet":"max-snippet:-1","max-image-preview":"max-image-preview:large","max-video-preview":"max-video-preview:-1"},"canonical":"https:\/\/groupeidec-international.com\/it\/decouvrez-la-phase-damenagement-du-parc-logistique-et-industriel\/","og_locale":"it_IT","og_type":"article","og_title":"D\u00e9couvrez la phase am\u00e9nagement du parc logistique et industriel\u00a0! \u00a0 - GROUPE IDEC INTERNATIONAL","og_description":"D\u00e9couvrez l'\u00e9tat d'avancement de la phase 1 de l'am\u00e9nagement du parc logistique et industriel d'Antequera.","og_url":"https:\/\/groupeidec-international.com\/it\/decouvrez-la-phase-damenagement-du-parc-logistique-et-industriel\/","og_site_name":"GROUPE IDEC INTERNATIONAL","article_published_time":"2023-06-21T06:23:31+00:00","article_modified_time":"2024-08-05T07:19:22+00:00","og_image":[{"width":2560,"height":1438,"url":"https:\/\/groupeidec-international.com\/wp-content\/uploads\/2023\/11\/01.DJI_0857-scaled-2.jpeg","type":"image\/jpeg"}],"author":"J-Michel","twitter_card":"summary_large_image","twitter_misc":{"Scritto da":"J-Michel","Tempo di lettura stimato":"2 minuti"},"schema":{"@context":"https:\/\/schema.org","@graph":[{"@type":"Article","@id":"https:\/\/groupeidec-international.com\/it\/decouvrez-la-phase-damenagement-du-parc-logistique-et-industriel\/#article","isPartOf":{"@id":"https:\/\/groupeidec-international.com\/it\/decouvrez-la-phase-damenagement-du-parc-logistique-et-industriel\/"},"author":{"name":"J-Michel","@id":"https:\/\/groupeidec-international.com\/it\/#\/schema\/person\/e9849822abbb269a7c4fc8673199c49d"},"headline":"Scopri la fase di sviluppo del parco logistico e industriale. \u00a0","datePublished":"2023-06-21T06:23:31+00:00","dateModified":"2024-08-05T07:19:22+00:00","mainEntityOfPage":{"@id":"https:\/\/groupeidec-international.com\/it\/decouvrez-la-phase-damenagement-du-parc-logistique-et-industriel\/"},"wordCount":210,"publisher":{"@id":"https:\/\/groupeidec-international.com\/it\/#organization"},"image":{"@id":"https:\/\/groupeidec-international.com\/it\/decouvrez-la-phase-damenagement-du-parc-logistique-et-industriel\/#primaryimage"},"thumbnailUrl":"https:\/\/groupeidec-international.com\/wp-content\/uploads\/2023\/11\/01.DJI_0857-scaled-2.jpeg","keywords":["Spagna"],"articleSection":["Allestimento"],"inLanguage":"it-IT"},{"@type":"WebPage","@id":"https:\/\/groupeidec-international.com\/it\/decouvrez-la-phase-damenagement-du-parc-logistique-et-industriel\/","url":"https:\/\/groupeidec-international.com\/it\/decouvrez-la-phase-damenagement-du-parc-logistique-et-industriel\/","name":"D\u00e9couvrez la phase am\u00e9nagement du parc logistique et industriel\u00a0! \u00a0 - GROUPE IDEC INTERNATIONAL","isPartOf":{"@id":"https:\/\/groupeidec-international.com\/it\/#website"},"primaryImageOfPage":{"@id":"https:\/\/groupeidec-international.com\/it\/decouvrez-la-phase-damenagement-du-parc-logistique-et-industriel\/#primaryimage"},"image":{"@id":"https:\/\/groupeidec-international.com\/it\/decouvrez-la-phase-damenagement-du-parc-logistique-et-industriel\/#primaryimage"},"thumbnailUrl":"https:\/\/groupeidec-international.com\/wp-content\/uploads\/2023\/11\/01.DJI_0857-scaled-2.jpeg","datePublished":"2023-06-21T06:23:31+00:00","dateModified":"2024-08-05T07:19:22+00:00","description":"D\u00e9couvrez l'\u00e9tat d'avancement de la phase 1 de l'am\u00e9nagement du parc logistique et industriel d'Antequera.","breadcrumb":{"@id":"https:\/\/groupeidec-international.com\/it\/decouvrez-la-phase-damenagement-du-parc-logistique-et-industriel\/#breadcrumb"},"inLanguage":"it-IT","potentialAction":[{"@type":"ReadAction","target":["https:\/\/groupeidec-international.com\/it\/decouvrez-la-phase-damenagement-du-parc-logistique-et-industriel\/"]}]},{"@type":"ImageObject","inLanguage":"it-IT","@id":"https:\/\/groupeidec-international.com\/it\/decouvrez-la-phase-damenagement-du-parc-logistique-et-industriel\/#primaryimage","url":"https:\/\/groupeidec-international.com\/wp-content\/uploads\/2023\/11\/01.DJI_0857-scaled-2.jpeg","contentUrl":"https:\/\/groupeidec-international.com\/wp-content\/uploads\/2023\/11\/01.DJI_0857-scaled-2.jpeg","width":2560,"height":1438,"caption":"???????"},{"@type":"BreadcrumbList","@id":"https:\/\/groupeidec-international.com\/it\/decouvrez-la-phase-damenagement-du-parc-logistique-et-industriel\/#breadcrumb","itemListElement":[{"@type":"ListItem","position":1,"name":"Home page","item":"https:\/\/groupeidec-international.com\/it\/"},{"@type":"ListItem","position":2,"name":"Allestimento","item":"https:\/\/groupeidec-international.com\/it\/category\/allestimento\/"},{"@type":"ListItem","position":3,"name":"Scopri la fase di sviluppo del parco logistico e industriale. \u00a0"}]},{"@type":"WebSite","@id":"https:\/\/groupeidec-international.com\/it\/#website","url":"https:\/\/groupeidec-international.com\/it\/","name":"GROUPE IDEC INTERNATIONAL","description":"","publisher":{"@id":"https:\/\/groupeidec-international.com\/it\/#organization"},"potentialAction":[{"@type":"SearchAction","target":{"@type":"EntryPoint","urlTemplate":"https:\/\/groupeidec-international.com\/it\/?s={search_term_string}"},"query-input":{"@type":"PropertyValueSpecification","valueRequired":true,"valueName":"search_term_string"}}],"inLanguage":"it-IT"},{"@type":"Organization","@id":"https:\/\/groupeidec-international.com\/it\/#organization","name":"GROUPE IDEC INTERNATIONAL","url":"https:\/\/groupeidec-international.com\/it\/","logo":{"@type":"ImageObject","inLanguage":"it-IT","@id":"https:\/\/groupeidec-international.com\/it\/#\/schema\/logo\/image\/","url":"https:\/\/groupeidec-international.com\/wp-content\/uploads\/2024\/04\/logo_groupe-idec-international_black_175x75.png","contentUrl":"https:\/\/groupeidec-international.com\/wp-content\/uploads\/2024\/04\/logo_groupe-idec-international_black_175x75.png","width":175,"height":75,"caption":"GROUPE IDEC INTERNATIONAL"},"image":{"@id":"https:\/\/groupeidec-international.com\/it\/#\/schema\/logo\/image\/"},"sameAs":["https:\/\/www.linkedin.com\/company\/idec-group-iberica\/"]},{"@type":"Person","@id":"https:\/\/groupeidec-international.com\/it\/#\/schema\/person\/e9849822abbb269a7c4fc8673199c49d","name":"J-Michel","image":{"@type":"ImageObject","inLanguage":"it-IT","@id":"https:\/\/secure.gravatar.com\/avatar\/8112561cfb89241ffe7ea765b7ec7b5ac1b9e4657aa6f87aec6721658152e18b?s=96&d=mm&r=g","url":"https:\/\/secure.gravatar.com\/avatar\/8112561cfb89241ffe7ea765b7ec7b5ac1b9e4657aa6f87aec6721658152e18b?s=96&d=mm&r=g","contentUrl":"https:\/\/secure.gravatar.com\/avatar\/8112561cfb89241ffe7ea765b7ec7b5ac1b9e4657aa6f87aec6721658152e18b?s=96&d=mm&r=g","caption":"J-Michel"},"sameAs":["https:\/\/groupeidec-international.com"]}]}},"_links":{"self":[{"href":"https:\/\/groupeidec-international.com\/it\/wp-json\/wp\/v2\/posts\/6806","targetHints":{"allow":["GET"]}}],"collection":[{"href":"https:\/\/groupeidec-international.com\/it\/wp-json\/wp\/v2\/posts"}],"about":[{"href":"https:\/\/groupeidec-international.com\/it\/wp-json\/wp\/v2\/types\/post"}],"author":[{"embeddable":true,"href":"https:\/\/groupeidec-international.com\/it\/wp-json\/wp\/v2\/users\/1"}],"replies":[{"embeddable":true,"href":"https:\/\/groupeidec-international.com\/it\/wp-json\/wp\/v2\/comments?post=6806"}],"version-history":[{"count":2,"href":"https:\/\/groupeidec-international.com\/it\/wp-json\/wp\/v2\/posts\/6806\/revisions"}],"predecessor-version":[{"id":6814,"href":"https:\/\/groupeidec-international.com\/it\/wp-json\/wp\/v2\/posts\/6806\/revisions\/6814"}],"wp:featuredmedia":[{"embeddable":true,"href":"https:\/\/groupeidec-international.com\/it\/wp-json\/wp\/v2\/media\/6807"}],"wp:attachment":[{"href":"https:\/\/groupeidec-international.com\/it\/wp-json\/wp\/v2\/media?parent=6806"}],"wp:term":[{"taxonomy":"category","embeddable":true,"href":"https:\/\/groupeidec-international.com\/it\/wp-json\/wp\/v2\/categories?post=6806"},{"taxonomy":"post_tag","embeddable":true,"href":"https:\/\/groupeidec-international.com\/it\/wp-json\/wp\/v2\/tags?post=6806"}],"curies":[{"name":"wp","href":"https:\/\/api.w.org\/{rel}","templated":true}]}}