{"id":7996,"date":"2024-11-08T13:03:05","date_gmt":"2024-11-08T12:03:05","guid":{"rendered":"https:\/\/groupeidec-international.com\/?p=7996"},"modified":"2024-11-20T16:04:31","modified_gmt":"2024-11-20T15:04:31","slug":"puerto-seco-di-antequera-partnership-strategica-con-lappa-e-i-porti-di-malaga-e-algesiras-per-potenziare-la-connettivita-intermodale-in-andalusia","status":"publish","type":"post","link":"https:\/\/groupeidec-international.com\/it\/puerto-seco-di-antequera-partnership-strategica-con-lappa-e-i-porti-di-malaga-e-algesiras-per-potenziare-la-connettivita-intermodale-in-andalusia\/","title":{"rendered":"PUERTO SECO DI ANTEQUERA: PARTNERSHIP STRATEGICA CON L&#8217;APPA E I PORTI DI MALAGA E ALGESIRAS PER POTENZIARE LA CONNETTIVIT\u00c0 INTERMODALE IN ANDALUSIA"},"content":{"rendered":"\n<p><strong>Nelle prossime settimane, il parco logistico e industriale di Puerto Seco de Antequera entrer\u00e0 in una nuova fase della sua espansione, con la firma di un&#8217;importante partnership con l&#8217;Agenzia dei Porti Pubblici dell&#8217;Andalusia (APPA) e i Porti di Malaga e Algeciras, volta a rafforzare la connettivit\u00e0 intermodale nella regione.<\/strong> <strong>Parallelamente a questa imminente formalizzazione, nei giorni scorsi si \u00e8 tenuta una conferenza alla presenza di Onofre S\u00e1nchez Casta\u00f1o, direttore generale di Red Log\u00edstica de Andaluc\u00eda, e dei rappresentanti dei porti di Malaga e Algeciras, per discutere del ruolo chiave della regione andalusa nel commercio internazionale, delle sue infrastrutture portuali, compreso il porto secco, della transizione energetica e dello sviluppo di infrastrutture sostenibili.<\/strong><\/p>\n\n\n\n<p><\/p>\n\n\n\n<p><strong>UNA PARTNERSHIP STRATEGICA IN PREPARAZIONE CON I PORTI DI MALAGA E ALGECIRAS<\/strong><\/p>\n\n\n\n<p>La futura partnership tra PUERTO SECO DE ANTEQUERA e i porti di Malaga e Algeciras si inserisce in una strategia congiunta di rafforzamento degli scambi tra infrastrutture portuali e terrestri. Questa collaborazione ottimizzer\u00e0 i flussi logistici, offrendo nuove opportunit\u00e0 alle aziende che operano nella regione. \u201c<em>Questa partnership trasformer\u00e0 la connettivit\u00e0 di Puerto Seco e promuover\u00e0 lo sviluppo economico della regione, in particolare in termini di trasporto intermodale\u201d,<\/em> afferma Adel KADDOUR, direttore generale di PUERTO SECO DE ANTEQUERA.<\/p>\n\n\n\n<p><\/p>\n\n\n\n<p><strong>CONFERENZA A MALAGA: L&#8217;ANDALUSIA COME NUOVO HUB LOGISTICO EUROPEO<\/strong><\/p>\n\n\n\n<p>Il progetto \u00e8 stato presentato il 30 ottobre alla conferenza \u201cAndalusia: il nuovo hub logistico intermodale d&#8217;Europa\u201d, organizzata in collaborazione con la Camera di Commercio franco-spagnola, rappresentata da S\u00e9bastien GUIGUES (Direttore di Renault e Alpine Iberica e Presidente della Camera di Commercio franco-spagnola), Sara BIEGER (CEO della Camera di Commercio franco-spagnola) e Alejandro HERNANDEZ DEL CASTILLO (Delegato della Camera di Commercio di Malaga). L&#8217;evento, che ha visto la partecipazione di numerosi operatori del settore, ha evidenziato l&#8217;importanza della regione nel commercio internazionale e nelle iniziative volte a promuovere la transizione energetica. Oltre ai team di IDEC GROUP IBERICA, altri relatori (Guillermo VILANA ESPEJO &#8211; Direttore Tecnico di APPA, Jos\u00e9 MOYANO &#8211; Direttore del Porto di Malaga, Nicol\u00e1s MARTINEZ ANDION &#8211; Responsabile del Dipartimento di Sviluppo Commerciale del Porto di Algeciras, \u00c1ngel GONZALEZ &#8211; Amministratore Delegato di ONTIME e Ana GOMEZ &#8211; Responsabile Sviluppo HTL-TL di NTT DATA) hanno parlato del ruolo cruciale di queste infrastrutture nell&#8217;economia regionale.<\/p>\n\n\n\n<figure class=\"wp-block-image size-full\"><img loading=\"lazy\" decoding=\"async\" width=\"480\" height=\"640\" src=\"https:\/\/groupeidec-international.com\/wp-content\/uploads\/2024\/11\/photo-adel.jpg\" alt=\"\" class=\"wp-image-7968\" srcset=\"https:\/\/groupeidec-international.com\/wp-content\/uploads\/2024\/11\/photo-adel.jpg 480w, https:\/\/groupeidec-international.com\/wp-content\/uploads\/2024\/11\/photo-adel-225x300.jpg 225w\" sizes=\"auto, (max-width: 480px) 100vw, 480px\" \/><\/figure>\n\n\n\n<div style=\"height:70px\" aria-hidden=\"true\" class=\"wp-block-spacer\"><\/div>\n\n\n\n<p><\/p>\n\n\n\n<p><strong>UN PROGETTO PILOTA PER L&#8217;INNOVAZIONE E LA SOSTENIBILIT\u00c0<\/strong><\/p>\n\n\n\n<p>Sviluppato sotto l&#8217;impulso del GROUPE IDEC, Puerto Seco de Antequera si distingue per l&#8217;approccio sostenibile e l&#8217;integrazione di tecnologie verdi. Primo parco logistico a energia positiva in Europa, utilizza soluzioni energetiche all&#8217;avanguardia come l&#8217;energia solare e l&#8217;idrogeno per ridurre al minimo l&#8217;impatto ambientale. \u201cQuesto progetto incarna la nostra ambizione di fare dell&#8217;Andalusia un polo logistico europeo, basato su infrastrutture innovative e sostenibili\u201d, spiega Adel KADDOUR, amministratore delegato di PUERTO SECO DE ANTEQUERA e IDEC GROUP IBERICA. Questo progetto fa parte di un&#8217;ambiziosa visione di sviluppo economico e ambientale della regione, con una connettivit\u00e0 ottimale per le imprese locali e internazionali.<\/p>\n\n\n\n<p><\/p>\n\n\n\n<p><strong>VERSO UN&#8217;ANDALUSIA CONNESSA E SOSTENIBILE<\/strong><\/p>\n\n\n\n<p>Per Carlos Rubio, Presidente dell&#8217;Autorit\u00e0 Portuale di Malaga, \u201cil lancio di Puerto Seco rappresenta una grande opportunit\u00e0 per il Porto di Malaga come partner intermodale impegnato nella sostenibilit\u00e0\u201d. Anche Nicolas MARTINEZ ANDION, responsabile del Dipartimento di Sviluppo Commerciale del Porto di Algeciras, ha sottolineato la natura complementare di queste infrastrutture, essenziali per rafforzare la posizione strategica dell&#8217;Andalusia nel commercio mondiale.<\/p>\n\n\n\n<p><\/p>\n\n\n\n<p><\/p>\n\n\n\n<p>Con questa partnership, Puerto Seco de Antequera afferma la sua volont\u00e0 di diventare un attore chiave nel settore della logistica in Andalusia e in Europa, rispondendo alle sfide della crescita economica e dello sviluppo sostenibile. \u201cAbbiamo progettato Puerto Seco de Antequera come modello di sviluppo sostenibile, mettendo in comune le risorse energetiche per ridurre al minimo l&#8217;impatto ambientale\u201d, spiega Adel KADDOUR.<\/p>\n","protected":false},"excerpt":{"rendered":"<p>Nelle prossime settimane, il parco logistico e industriale di Puerto Seco de Antequera entrer\u00e0 in una nuova fase della sua espansione, con la firma di un&#8217;importante partnership con l&#8217;Agenzia dei&#8230;<\/p>\n","protected":false},"author":5,"featured_media":7976,"comment_status":"closed","ping_status":"closed","sticky":false,"template":"","format":"standard","meta":{"footnotes":""},"categories":[110,116],"tags":[113],"class_list":{"0":"post-7996","1":"post","2":"type-post","3":"status-publish","4":"format-standard","5":"has-post-thumbnail","7":"category-evenement-it","8":"category-promozione","9":"tag-spagna"},"yoast_head":"<!-- This site is optimized with the Yoast SEO plugin v27.2 - https:\/\/yoast.com\/product\/yoast-seo-wordpress\/ -->\n<title>PUERTO SECO DI ANTEQUERA: PARTNERSHIP STRATEGICA CON L&#039;APPA E I PORTI DI MALAGA E ALGESIRAS PER POTENZIARE LA CONNETTIVIT\u00c0 INTERMODALE IN ANDALUSIA - GROUPE IDEC INTERNATIONAL<\/title>\n<meta name=\"robots\" content=\"index, follow, max-snippet:-1, max-image-preview:large, max-video-preview:-1\" \/>\n<link rel=\"canonical\" href=\"https:\/\/groupeidec-international.com\/it\/puerto-seco-di-antequera-partnership-strategica-con-lappa-e-i-porti-di-malaga-e-algesiras-per-potenziare-la-connettivita-intermodale-in-andalusia\/\" \/>\n<meta property=\"og:locale\" content=\"it_IT\" \/>\n<meta property=\"og:type\" content=\"article\" \/>\n<meta property=\"og:title\" content=\"PUERTO SECO DI ANTEQUERA: PARTNERSHIP STRATEGICA CON L&#039;APPA E I PORTI DI MALAGA E ALGESIRAS PER POTENZIARE LA CONNETTIVIT\u00c0 INTERMODALE IN ANDALUSIA - GROUPE IDEC INTERNATIONAL\" \/>\n<meta property=\"og:description\" content=\"Nelle prossime settimane, il parco logistico e industriale di Puerto Seco de Antequera entrer\u00e0 in una nuova fase della sua espansione, con la firma di un&#8217;importante partnership con l&#8217;Agenzia dei...\" \/>\n<meta property=\"og:url\" content=\"https:\/\/groupeidec-international.com\/it\/puerto-seco-di-antequera-partnership-strategica-con-lappa-e-i-porti-di-malaga-e-algesiras-per-potenziare-la-connettivita-intermodale-in-andalusia\/\" \/>\n<meta property=\"og:site_name\" content=\"GROUPE IDEC INTERNATIONAL\" \/>\n<meta property=\"article:published_time\" content=\"2024-11-08T12:03:05+00:00\" \/>\n<meta property=\"article:modified_time\" content=\"2024-11-20T15:04:31+00:00\" \/>\n<meta property=\"og:image\" content=\"https:\/\/groupeidec-international.com\/wp-content\/uploads\/2024\/11\/PHOTO_GROUPE.jpg\" \/>\n\t<meta property=\"og:image:width\" content=\"640\" \/>\n\t<meta property=\"og:image:height\" content=\"456\" \/>\n\t<meta property=\"og:image:type\" content=\"image\/jpeg\" \/>\n<meta name=\"author\" content=\"Philippine Deluol\" \/>\n<meta name=\"twitter:card\" content=\"summary_large_image\" \/>\n<meta name=\"twitter:label1\" content=\"Scritto da\" \/>\n\t<meta name=\"twitter:data1\" content=\"Philippine Deluol\" \/>\n\t<meta name=\"twitter:label2\" content=\"Tempo di lettura stimato\" \/>\n\t<meta name=\"twitter:data2\" content=\"4 minuti\" \/>\n<script type=\"application\/ld+json\" class=\"yoast-schema-graph\">{\"@context\":\"https:\/\/schema.org\",\"@graph\":[{\"@type\":\"Article\",\"@id\":\"https:\/\/groupeidec-international.com\/it\/puerto-seco-di-antequera-partnership-strategica-con-lappa-e-i-porti-di-malaga-e-algesiras-per-potenziare-la-connettivita-intermodale-in-andalusia\/#article\",\"isPartOf\":{\"@id\":\"https:\/\/groupeidec-international.com\/it\/puerto-seco-di-antequera-partnership-strategica-con-lappa-e-i-porti-di-malaga-e-algesiras-per-potenziare-la-connettivita-intermodale-in-andalusia\/\"},\"author\":{\"name\":\"Philippine Deluol\",\"@id\":\"https:\/\/groupeidec-international.com\/it\/#\/schema\/person\/dd31ecb9878d7d14fa8dd15446870654\"},\"headline\":\"PUERTO SECO DI ANTEQUERA: PARTNERSHIP STRATEGICA CON L&#8217;APPA E I PORTI DI MALAGA E ALGESIRAS PER POTENZIARE LA CONNETTIVIT\u00c0 INTERMODALE IN ANDALUSIA\",\"datePublished\":\"2024-11-08T12:03:05+00:00\",\"dateModified\":\"2024-11-20T15:04:31+00:00\",\"mainEntityOfPage\":{\"@id\":\"https:\/\/groupeidec-international.com\/it\/puerto-seco-di-antequera-partnership-strategica-con-lappa-e-i-porti-di-malaga-e-algesiras-per-potenziare-la-connettivita-intermodale-in-andalusia\/\"},\"wordCount\":649,\"publisher\":{\"@id\":\"https:\/\/groupeidec-international.com\/it\/#organization\"},\"image\":{\"@id\":\"https:\/\/groupeidec-international.com\/it\/puerto-seco-di-antequera-partnership-strategica-con-lappa-e-i-porti-di-malaga-e-algesiras-per-potenziare-la-connettivita-intermodale-in-andalusia\/#primaryimage\"},\"thumbnailUrl\":\"https:\/\/groupeidec-international.com\/wp-content\/uploads\/2024\/11\/PHOTO_GROUPE.jpg\",\"keywords\":[\"Spagna\"],\"articleSection\":[\"Eventi\",\"Promozione\"],\"inLanguage\":\"it-IT\"},{\"@type\":\"WebPage\",\"@id\":\"https:\/\/groupeidec-international.com\/it\/puerto-seco-di-antequera-partnership-strategica-con-lappa-e-i-porti-di-malaga-e-algesiras-per-potenziare-la-connettivita-intermodale-in-andalusia\/\",\"url\":\"https:\/\/groupeidec-international.com\/it\/puerto-seco-di-antequera-partnership-strategica-con-lappa-e-i-porti-di-malaga-e-algesiras-per-potenziare-la-connettivita-intermodale-in-andalusia\/\",\"name\":\"PUERTO SECO DI ANTEQUERA: PARTNERSHIP STRATEGICA CON L'APPA E I PORTI DI MALAGA E ALGESIRAS PER POTENZIARE LA CONNETTIVIT\u00c0 INTERMODALE IN ANDALUSIA - GROUPE IDEC INTERNATIONAL\",\"isPartOf\":{\"@id\":\"https:\/\/groupeidec-international.com\/it\/#website\"},\"primaryImageOfPage\":{\"@id\":\"https:\/\/groupeidec-international.com\/it\/puerto-seco-di-antequera-partnership-strategica-con-lappa-e-i-porti-di-malaga-e-algesiras-per-potenziare-la-connettivita-intermodale-in-andalusia\/#primaryimage\"},\"image\":{\"@id\":\"https:\/\/groupeidec-international.com\/it\/puerto-seco-di-antequera-partnership-strategica-con-lappa-e-i-porti-di-malaga-e-algesiras-per-potenziare-la-connettivita-intermodale-in-andalusia\/#primaryimage\"},\"thumbnailUrl\":\"https:\/\/groupeidec-international.com\/wp-content\/uploads\/2024\/11\/PHOTO_GROUPE.jpg\",\"datePublished\":\"2024-11-08T12:03:05+00:00\",\"dateModified\":\"2024-11-20T15:04:31+00:00\",\"breadcrumb\":{\"@id\":\"https:\/\/groupeidec-international.com\/it\/puerto-seco-di-antequera-partnership-strategica-con-lappa-e-i-porti-di-malaga-e-algesiras-per-potenziare-la-connettivita-intermodale-in-andalusia\/#breadcrumb\"},\"inLanguage\":\"it-IT\",\"potentialAction\":[{\"@type\":\"ReadAction\",\"target\":[\"https:\/\/groupeidec-international.com\/it\/puerto-seco-di-antequera-partnership-strategica-con-lappa-e-i-porti-di-malaga-e-algesiras-per-potenziare-la-connettivita-intermodale-in-andalusia\/\"]}]},{\"@type\":\"ImageObject\",\"inLanguage\":\"it-IT\",\"@id\":\"https:\/\/groupeidec-international.com\/it\/puerto-seco-di-antequera-partnership-strategica-con-lappa-e-i-porti-di-malaga-e-algesiras-per-potenziare-la-connettivita-intermodale-in-andalusia\/#primaryimage\",\"url\":\"https:\/\/groupeidec-international.com\/wp-content\/uploads\/2024\/11\/PHOTO_GROUPE.jpg\",\"contentUrl\":\"https:\/\/groupeidec-international.com\/wp-content\/uploads\/2024\/11\/PHOTO_GROUPE.jpg\",\"width\":640,\"height\":456},{\"@type\":\"BreadcrumbList\",\"@id\":\"https:\/\/groupeidec-international.com\/it\/puerto-seco-di-antequera-partnership-strategica-con-lappa-e-i-porti-di-malaga-e-algesiras-per-potenziare-la-connettivita-intermodale-in-andalusia\/#breadcrumb\",\"itemListElement\":[{\"@type\":\"ListItem\",\"position\":1,\"name\":\"Home page\",\"item\":\"https:\/\/groupeidec-international.com\/it\/\"},{\"@type\":\"ListItem\",\"position\":2,\"name\":\"Eventi\",\"item\":\"https:\/\/groupeidec-international.com\/it\/category\/evenement-it\/\"},{\"@type\":\"ListItem\",\"position\":3,\"name\":\"PUERTO SECO DI ANTEQUERA: PARTNERSHIP STRATEGICA CON L&rsquo;APPA E I PORTI DI MALAGA E ALGESIRAS PER POTENZIARE LA CONNETTIVIT\u00c0 INTERMODALE IN ANDALUSIA\"}]},{\"@type\":\"WebSite\",\"@id\":\"https:\/\/groupeidec-international.com\/it\/#website\",\"url\":\"https:\/\/groupeidec-international.com\/it\/\",\"name\":\"GROUPE IDEC INTERNATIONAL\",\"description\":\"\",\"publisher\":{\"@id\":\"https:\/\/groupeidec-international.com\/it\/#organization\"},\"potentialAction\":[{\"@type\":\"SearchAction\",\"target\":{\"@type\":\"EntryPoint\",\"urlTemplate\":\"https:\/\/groupeidec-international.com\/it\/?s={search_term_string}\"},\"query-input\":{\"@type\":\"PropertyValueSpecification\",\"valueRequired\":true,\"valueName\":\"search_term_string\"}}],\"inLanguage\":\"it-IT\"},{\"@type\":\"Organization\",\"@id\":\"https:\/\/groupeidec-international.com\/it\/#organization\",\"name\":\"GROUPE IDEC INTERNATIONAL\",\"url\":\"https:\/\/groupeidec-international.com\/it\/\",\"logo\":{\"@type\":\"ImageObject\",\"inLanguage\":\"it-IT\",\"@id\":\"https:\/\/groupeidec-international.com\/it\/#\/schema\/logo\/image\/\",\"url\":\"https:\/\/groupeidec-international.com\/wp-content\/uploads\/2024\/04\/logo_groupe-idec-international_black_175x75.png\",\"contentUrl\":\"https:\/\/groupeidec-international.com\/wp-content\/uploads\/2024\/04\/logo_groupe-idec-international_black_175x75.png\",\"width\":175,\"height\":75,\"caption\":\"GROUPE IDEC INTERNATIONAL\"},\"image\":{\"@id\":\"https:\/\/groupeidec-international.com\/it\/#\/schema\/logo\/image\/\"},\"sameAs\":[\"https:\/\/www.linkedin.com\/company\/idec-group-iberica\/\"]},{\"@type\":\"Person\",\"@id\":\"https:\/\/groupeidec-international.com\/it\/#\/schema\/person\/dd31ecb9878d7d14fa8dd15446870654\",\"name\":\"Philippine Deluol\",\"image\":{\"@type\":\"ImageObject\",\"inLanguage\":\"it-IT\",\"@id\":\"https:\/\/secure.gravatar.com\/avatar\/2f6baecdd7af951c5a3ff97da47e90a59734a500b04859fb93a50438efbfa574?s=96&d=mm&r=g\",\"url\":\"https:\/\/secure.gravatar.com\/avatar\/2f6baecdd7af951c5a3ff97da47e90a59734a500b04859fb93a50438efbfa574?s=96&d=mm&r=g\",\"contentUrl\":\"https:\/\/secure.gravatar.com\/avatar\/2f6baecdd7af951c5a3ff97da47e90a59734a500b04859fb93a50438efbfa574?s=96&d=mm&r=g\",\"caption\":\"Philippine Deluol\"}}]}<\/script>\n<!-- \/ Yoast SEO plugin. -->","yoast_head_json":{"title":"PUERTO SECO DI ANTEQUERA: PARTNERSHIP STRATEGICA CON L'APPA E I PORTI DI MALAGA E ALGESIRAS PER POTENZIARE LA CONNETTIVIT\u00c0 INTERMODALE IN ANDALUSIA - GROUPE IDEC INTERNATIONAL","robots":{"index":"index","follow":"follow","max-snippet":"max-snippet:-1","max-image-preview":"max-image-preview:large","max-video-preview":"max-video-preview:-1"},"canonical":"https:\/\/groupeidec-international.com\/it\/puerto-seco-di-antequera-partnership-strategica-con-lappa-e-i-porti-di-malaga-e-algesiras-per-potenziare-la-connettivita-intermodale-in-andalusia\/","og_locale":"it_IT","og_type":"article","og_title":"PUERTO SECO DI ANTEQUERA: PARTNERSHIP STRATEGICA CON L'APPA E I PORTI DI MALAGA E ALGESIRAS PER POTENZIARE LA CONNETTIVIT\u00c0 INTERMODALE IN ANDALUSIA - GROUPE IDEC INTERNATIONAL","og_description":"Nelle prossime settimane, il parco logistico e industriale di Puerto Seco de Antequera entrer\u00e0 in una nuova fase della sua espansione, con la firma di un&#8217;importante partnership con l&#8217;Agenzia dei...","og_url":"https:\/\/groupeidec-international.com\/it\/puerto-seco-di-antequera-partnership-strategica-con-lappa-e-i-porti-di-malaga-e-algesiras-per-potenziare-la-connettivita-intermodale-in-andalusia\/","og_site_name":"GROUPE IDEC INTERNATIONAL","article_published_time":"2024-11-08T12:03:05+00:00","article_modified_time":"2024-11-20T15:04:31+00:00","og_image":[{"width":640,"height":456,"url":"https:\/\/groupeidec-international.com\/wp-content\/uploads\/2024\/11\/PHOTO_GROUPE.jpg","type":"image\/jpeg"}],"author":"Philippine Deluol","twitter_card":"summary_large_image","twitter_misc":{"Scritto da":"Philippine Deluol","Tempo di lettura stimato":"4 minuti"},"schema":{"@context":"https:\/\/schema.org","@graph":[{"@type":"Article","@id":"https:\/\/groupeidec-international.com\/it\/puerto-seco-di-antequera-partnership-strategica-con-lappa-e-i-porti-di-malaga-e-algesiras-per-potenziare-la-connettivita-intermodale-in-andalusia\/#article","isPartOf":{"@id":"https:\/\/groupeidec-international.com\/it\/puerto-seco-di-antequera-partnership-strategica-con-lappa-e-i-porti-di-malaga-e-algesiras-per-potenziare-la-connettivita-intermodale-in-andalusia\/"},"author":{"name":"Philippine Deluol","@id":"https:\/\/groupeidec-international.com\/it\/#\/schema\/person\/dd31ecb9878d7d14fa8dd15446870654"},"headline":"PUERTO SECO DI ANTEQUERA: PARTNERSHIP STRATEGICA CON L&#8217;APPA E I PORTI DI MALAGA E ALGESIRAS PER POTENZIARE LA CONNETTIVIT\u00c0 INTERMODALE IN ANDALUSIA","datePublished":"2024-11-08T12:03:05+00:00","dateModified":"2024-11-20T15:04:31+00:00","mainEntityOfPage":{"@id":"https:\/\/groupeidec-international.com\/it\/puerto-seco-di-antequera-partnership-strategica-con-lappa-e-i-porti-di-malaga-e-algesiras-per-potenziare-la-connettivita-intermodale-in-andalusia\/"},"wordCount":649,"publisher":{"@id":"https:\/\/groupeidec-international.com\/it\/#organization"},"image":{"@id":"https:\/\/groupeidec-international.com\/it\/puerto-seco-di-antequera-partnership-strategica-con-lappa-e-i-porti-di-malaga-e-algesiras-per-potenziare-la-connettivita-intermodale-in-andalusia\/#primaryimage"},"thumbnailUrl":"https:\/\/groupeidec-international.com\/wp-content\/uploads\/2024\/11\/PHOTO_GROUPE.jpg","keywords":["Spagna"],"articleSection":["Eventi","Promozione"],"inLanguage":"it-IT"},{"@type":"WebPage","@id":"https:\/\/groupeidec-international.com\/it\/puerto-seco-di-antequera-partnership-strategica-con-lappa-e-i-porti-di-malaga-e-algesiras-per-potenziare-la-connettivita-intermodale-in-andalusia\/","url":"https:\/\/groupeidec-international.com\/it\/puerto-seco-di-antequera-partnership-strategica-con-lappa-e-i-porti-di-malaga-e-algesiras-per-potenziare-la-connettivita-intermodale-in-andalusia\/","name":"PUERTO SECO DI ANTEQUERA: PARTNERSHIP STRATEGICA CON L'APPA E I PORTI DI MALAGA E ALGESIRAS PER POTENZIARE LA CONNETTIVIT\u00c0 INTERMODALE IN ANDALUSIA - GROUPE IDEC INTERNATIONAL","isPartOf":{"@id":"https:\/\/groupeidec-international.com\/it\/#website"},"primaryImageOfPage":{"@id":"https:\/\/groupeidec-international.com\/it\/puerto-seco-di-antequera-partnership-strategica-con-lappa-e-i-porti-di-malaga-e-algesiras-per-potenziare-la-connettivita-intermodale-in-andalusia\/#primaryimage"},"image":{"@id":"https:\/\/groupeidec-international.com\/it\/puerto-seco-di-antequera-partnership-strategica-con-lappa-e-i-porti-di-malaga-e-algesiras-per-potenziare-la-connettivita-intermodale-in-andalusia\/#primaryimage"},"thumbnailUrl":"https:\/\/groupeidec-international.com\/wp-content\/uploads\/2024\/11\/PHOTO_GROUPE.jpg","datePublished":"2024-11-08T12:03:05+00:00","dateModified":"2024-11-20T15:04:31+00:00","breadcrumb":{"@id":"https:\/\/groupeidec-international.com\/it\/puerto-seco-di-antequera-partnership-strategica-con-lappa-e-i-porti-di-malaga-e-algesiras-per-potenziare-la-connettivita-intermodale-in-andalusia\/#breadcrumb"},"inLanguage":"it-IT","potentialAction":[{"@type":"ReadAction","target":["https:\/\/groupeidec-international.com\/it\/puerto-seco-di-antequera-partnership-strategica-con-lappa-e-i-porti-di-malaga-e-algesiras-per-potenziare-la-connettivita-intermodale-in-andalusia\/"]}]},{"@type":"ImageObject","inLanguage":"it-IT","@id":"https:\/\/groupeidec-international.com\/it\/puerto-seco-di-antequera-partnership-strategica-con-lappa-e-i-porti-di-malaga-e-algesiras-per-potenziare-la-connettivita-intermodale-in-andalusia\/#primaryimage","url":"https:\/\/groupeidec-international.com\/wp-content\/uploads\/2024\/11\/PHOTO_GROUPE.jpg","contentUrl":"https:\/\/groupeidec-international.com\/wp-content\/uploads\/2024\/11\/PHOTO_GROUPE.jpg","width":640,"height":456},{"@type":"BreadcrumbList","@id":"https:\/\/groupeidec-international.com\/it\/puerto-seco-di-antequera-partnership-strategica-con-lappa-e-i-porti-di-malaga-e-algesiras-per-potenziare-la-connettivita-intermodale-in-andalusia\/#breadcrumb","itemListElement":[{"@type":"ListItem","position":1,"name":"Home page","item":"https:\/\/groupeidec-international.com\/it\/"},{"@type":"ListItem","position":2,"name":"Eventi","item":"https:\/\/groupeidec-international.com\/it\/category\/evenement-it\/"},{"@type":"ListItem","position":3,"name":"PUERTO SECO DI ANTEQUERA: PARTNERSHIP STRATEGICA CON L&rsquo;APPA E I PORTI DI MALAGA E ALGESIRAS PER POTENZIARE LA CONNETTIVIT\u00c0 INTERMODALE IN ANDALUSIA"}]},{"@type":"WebSite","@id":"https:\/\/groupeidec-international.com\/it\/#website","url":"https:\/\/groupeidec-international.com\/it\/","name":"GROUPE IDEC INTERNATIONAL","description":"","publisher":{"@id":"https:\/\/groupeidec-international.com\/it\/#organization"},"potentialAction":[{"@type":"SearchAction","target":{"@type":"EntryPoint","urlTemplate":"https:\/\/groupeidec-international.com\/it\/?s={search_term_string}"},"query-input":{"@type":"PropertyValueSpecification","valueRequired":true,"valueName":"search_term_string"}}],"inLanguage":"it-IT"},{"@type":"Organization","@id":"https:\/\/groupeidec-international.com\/it\/#organization","name":"GROUPE IDEC INTERNATIONAL","url":"https:\/\/groupeidec-international.com\/it\/","logo":{"@type":"ImageObject","inLanguage":"it-IT","@id":"https:\/\/groupeidec-international.com\/it\/#\/schema\/logo\/image\/","url":"https:\/\/groupeidec-international.com\/wp-content\/uploads\/2024\/04\/logo_groupe-idec-international_black_175x75.png","contentUrl":"https:\/\/groupeidec-international.com\/wp-content\/uploads\/2024\/04\/logo_groupe-idec-international_black_175x75.png","width":175,"height":75,"caption":"GROUPE IDEC INTERNATIONAL"},"image":{"@id":"https:\/\/groupeidec-international.com\/it\/#\/schema\/logo\/image\/"},"sameAs":["https:\/\/www.linkedin.com\/company\/idec-group-iberica\/"]},{"@type":"Person","@id":"https:\/\/groupeidec-international.com\/it\/#\/schema\/person\/dd31ecb9878d7d14fa8dd15446870654","name":"Philippine Deluol","image":{"@type":"ImageObject","inLanguage":"it-IT","@id":"https:\/\/secure.gravatar.com\/avatar\/2f6baecdd7af951c5a3ff97da47e90a59734a500b04859fb93a50438efbfa574?s=96&d=mm&r=g","url":"https:\/\/secure.gravatar.com\/avatar\/2f6baecdd7af951c5a3ff97da47e90a59734a500b04859fb93a50438efbfa574?s=96&d=mm&r=g","contentUrl":"https:\/\/secure.gravatar.com\/avatar\/2f6baecdd7af951c5a3ff97da47e90a59734a500b04859fb93a50438efbfa574?s=96&d=mm&r=g","caption":"Philippine Deluol"}}]}},"_links":{"self":[{"href":"https:\/\/groupeidec-international.com\/it\/wp-json\/wp\/v2\/posts\/7996","targetHints":{"allow":["GET"]}}],"collection":[{"href":"https:\/\/groupeidec-international.com\/it\/wp-json\/wp\/v2\/posts"}],"about":[{"href":"https:\/\/groupeidec-international.com\/it\/wp-json\/wp\/v2\/types\/post"}],"author":[{"embeddable":true,"href":"https:\/\/groupeidec-international.com\/it\/wp-json\/wp\/v2\/users\/5"}],"replies":[{"embeddable":true,"href":"https:\/\/groupeidec-international.com\/it\/wp-json\/wp\/v2\/comments?post=7996"}],"version-history":[{"count":2,"href":"https:\/\/groupeidec-international.com\/it\/wp-json\/wp\/v2\/posts\/7996\/revisions"}],"predecessor-version":[{"id":8038,"href":"https:\/\/groupeidec-international.com\/it\/wp-json\/wp\/v2\/posts\/7996\/revisions\/8038"}],"wp:featuredmedia":[{"embeddable":true,"href":"https:\/\/groupeidec-international.com\/it\/wp-json\/wp\/v2\/media\/7976"}],"wp:attachment":[{"href":"https:\/\/groupeidec-international.com\/it\/wp-json\/wp\/v2\/media?parent=7996"}],"wp:term":[{"taxonomy":"category","embeddable":true,"href":"https:\/\/groupeidec-international.com\/it\/wp-json\/wp\/v2\/categories?post=7996"},{"taxonomy":"post_tag","embeddable":true,"href":"https:\/\/groupeidec-international.com\/it\/wp-json\/wp\/v2\/tags?post=7996"}],"curies":[{"name":"wp","href":"https:\/\/api.w.org\/{rel}","templated":true}]}}