{"id":9432,"date":"2026-04-22T10:54:15","date_gmt":"2026-04-22T08:54:15","guid":{"rendered":"https:\/\/groupeidec-international.com\/?p=9432"},"modified":"2026-04-22T10:54:16","modified_gmt":"2026-04-22T08:54:16","slug":"il-puerto-seco-di-antequera-entra-nella-fase-operativa-con-lavvio-dei-lavori-delle-prime-infrastrutture-logistiche","status":"publish","type":"post","link":"https:\/\/groupeidec-international.com\/it\/il-puerto-seco-di-antequera-entra-nella-fase-operativa-con-lavvio-dei-lavori-delle-prime-infrastrutture-logistiche\/","title":{"rendered":"Il Puerto Seco di Antequera entra nella fase operativa con l\u2019avvio dei lavori delle prime infrastrutture logistiche"},"content":{"rendered":"\n<p>Il Puerto Seco di Antequera raggiunge una tappa fondamentale del suo sviluppo con l\u2019avvio dei lavori delle prime infrastrutture logistiche sul sito. Questo progresso segna l\u2019ingresso del progetto nella sua fase pienamente operativa e conferma il suo ruolo strutturante per lo sviluppo logistico e industriale dell\u2019Andalusia.<\/p>\n\n\n\n<p>Promosso da GROUPE IDEC attraverso la sua filiale IDEC GROUP SPAIN, il progetto si sta progressivamente affermando come uno dei futuri hub logistici di riferimento nel sud Europa, grazie alla sua posizione strategica e alla sua connettivit\u00e0 multimodale.<\/p>\n\n\n\n<p><\/p>\n\n\n\n<p><strong>L\u2019arrivo di Ontime e Dia conferma l\u2019attrattivit\u00e0 del sito<\/strong><\/p>\n\n\n\n<p>Questa nuova fase \u00e8 accompagnata dall\u2019insediamento di due importanti attori del settore: Ontime, operatore logistico spagnolo di primo piano, e Dia, gruppo della distribuzione alimentare.<\/p>\n\n\n\n<p>Questi due progetti rappresentano un segnale forte per il mercato e confermano l\u2019attrattivit\u00e0 del Puerto Seco di Antequera per operatori nazionali e internazionali.<\/p>\n\n\n\n<p>Contribuiscono inoltre alla dinamica complessiva del parco, generando un effetto traino su nuove imprese interessate al sito, siano esse grandi gruppi o attori regionali.<\/p>\n\n\n\n<p><\/p>\n\n\n\n<p><strong>Un progetto strutturante per il territorio andaluso<\/strong><\/p>\n\n\n\n<p>Questo importante traguardo \u00e8 stato ripreso dalla stampa regionale, evidenziando il ruolo del Puerto Seco di Antequera come leva di trasformazione economica e logistica per l\u2019Andalusia.<\/p>\n\n\n\n<p>Il progetto beneficia inoltre del sostegno e dell\u2019interesse degli attori istituzionali ed economici del territorio, a dimostrazione della sua importanza strategica per lo sviluppo regionale e la creazione di valore locale.<\/p>\n\n\n\n<p><\/p>\n\n\n\n<p><strong>Una presenza sul campo dei team di IDEC GROUP SPAIN<\/strong><\/p>\n\n\n\n<p>In questa occasione, i team di IDEC GROUP SPAIN erano presenti sul sito, con la partecipazione di Ma\u00eft\u00e9 Palomino e Carlos G\u00f3mez, insieme ai rappresentanti di DUNAS CAPITAL, agli operatori Ontime e Dia, e ai rappresentanti istituzionali locali e regionali, come Rocio Diaz e Carolina Espa\u00f1a, rispettivamente Ministre dei Lavori Pubblici e dell\u2019Economia della Junta de Andaluc\u00eda.<\/p>\n\n\n\n<p>Questa presenza dimostra il coinvolgimento continuo dei team nel monitoraggio e nello sviluppo del progetto.<\/p>\n\n\n\n<p><\/p>\n\n\n\n<p><strong>Un hub logistico al cuore dei flussi europei<\/strong><\/p>\n\n\n\n<p>Situato nella provincia di Malaga, il Puerto Seco di Antequera gode di una posizione strategica eccezionale, all\u2019incrocio dei principali assi di trasporto della penisola iberica. Il sito offre una connettivit\u00e0 multimodale completa, comprendente collegamenti stradali, ferroviari, portuali e aerei.<\/p>\n\n\n\n<p>Questa configurazione consente di ottimizzare i flussi logistici, rafforzare la competitivit\u00e0 delle aziende insediate e supportare lo sviluppo delle catene di approvvigionamento a livello nazionale e internazionale.<\/p>\n","protected":false},"excerpt":{"rendered":"<p>Il Puerto Seco di Antequera raggiunge una tappa fondamentale del suo sviluppo con l\u2019avvio dei lavori delle prime infrastrutture logistiche sul sito. Questo progresso segna l\u2019ingresso del progetto nella sua&#8230;<\/p>\n","protected":false},"author":5,"featured_media":9425,"comment_status":"closed","ping_status":"closed","sticky":false,"template":"","format":"standard","meta":{"footnotes":""},"categories":[110,197],"tags":[113],"class_list":{"0":"post-9432","1":"post","2":"type-post","3":"status-publish","4":"format-standard","5":"has-post-thumbnail","7":"category-evenement-it","8":"category-progetto","9":"tag-spagna"},"yoast_head":"<!-- This site is optimized with the Yoast SEO plugin v27.2 - https:\/\/yoast.com\/product\/yoast-seo-wordpress\/ -->\n<title>Il Puerto Seco di Antequera entra nella fase operativa con l\u2019avvio dei lavori delle prime infrastrutture logistiche - GROUPE IDEC INTERNATIONAL<\/title>\n<meta name=\"robots\" content=\"index, follow, max-snippet:-1, max-image-preview:large, max-video-preview:-1\" \/>\n<link rel=\"canonical\" href=\"https:\/\/groupeidec-international.com\/it\/il-puerto-seco-di-antequera-entra-nella-fase-operativa-con-lavvio-dei-lavori-delle-prime-infrastrutture-logistiche\/\" \/>\n<meta property=\"og:locale\" content=\"it_IT\" \/>\n<meta property=\"og:type\" content=\"article\" \/>\n<meta property=\"og:title\" content=\"Il Puerto Seco di Antequera entra nella fase operativa con l\u2019avvio dei lavori delle prime infrastrutture logistiche - GROUPE IDEC INTERNATIONAL\" \/>\n<meta property=\"og:description\" content=\"Il Puerto Seco di Antequera raggiunge una tappa fondamentale del suo sviluppo con l\u2019avvio dei lavori delle prime infrastrutture logistiche sul sito. Questo progresso segna l\u2019ingresso del progetto nella sua...\" \/>\n<meta property=\"og:url\" content=\"https:\/\/groupeidec-international.com\/it\/il-puerto-seco-di-antequera-entra-nella-fase-operativa-con-lavvio-dei-lavori-delle-prime-infrastrutture-logistiche\/\" \/>\n<meta property=\"og:site_name\" content=\"GROUPE IDEC INTERNATIONAL\" \/>\n<meta property=\"article:published_time\" content=\"2026-04-22T08:54:15+00:00\" \/>\n<meta property=\"article:modified_time\" content=\"2026-04-22T08:54:16+00:00\" \/>\n<meta property=\"og:image\" content=\"https:\/\/groupeidec-international.com\/wp-content\/uploads\/2026\/04\/Image-61.jpg\" \/>\n\t<meta property=\"og:image:width\" content=\"1489\" \/>\n\t<meta property=\"og:image:height\" content=\"837\" \/>\n\t<meta property=\"og:image:type\" content=\"image\/jpeg\" \/>\n<meta name=\"author\" content=\"Philippine Deluol\" \/>\n<meta name=\"twitter:card\" content=\"summary_large_image\" \/>\n<meta name=\"twitter:label1\" content=\"Scritto da\" \/>\n\t<meta name=\"twitter:data1\" content=\"Philippine Deluol\" \/>\n\t<meta name=\"twitter:label2\" content=\"Tempo di lettura stimato\" \/>\n\t<meta name=\"twitter:data2\" content=\"3 minuti\" \/>\n<script type=\"application\/ld+json\" class=\"yoast-schema-graph\">{\"@context\":\"https:\/\/schema.org\",\"@graph\":[{\"@type\":\"Article\",\"@id\":\"https:\/\/groupeidec-international.com\/it\/il-puerto-seco-di-antequera-entra-nella-fase-operativa-con-lavvio-dei-lavori-delle-prime-infrastrutture-logistiche\/#article\",\"isPartOf\":{\"@id\":\"https:\/\/groupeidec-international.com\/it\/il-puerto-seco-di-antequera-entra-nella-fase-operativa-con-lavvio-dei-lavori-delle-prime-infrastrutture-logistiche\/\"},\"author\":{\"name\":\"Philippine Deluol\",\"@id\":\"https:\/\/groupeidec-international.com\/it\/#\/schema\/person\/dd31ecb9878d7d14fa8dd15446870654\"},\"headline\":\"Il Puerto Seco di Antequera entra nella fase operativa con l\u2019avvio dei lavori delle prime infrastrutture logistiche\",\"datePublished\":\"2026-04-22T08:54:15+00:00\",\"dateModified\":\"2026-04-22T08:54:16+00:00\",\"mainEntityOfPage\":{\"@id\":\"https:\/\/groupeidec-international.com\/it\/il-puerto-seco-di-antequera-entra-nella-fase-operativa-con-lavvio-dei-lavori-delle-prime-infrastrutture-logistiche\/\"},\"wordCount\":416,\"publisher\":{\"@id\":\"https:\/\/groupeidec-international.com\/it\/#organization\"},\"image\":{\"@id\":\"https:\/\/groupeidec-international.com\/it\/il-puerto-seco-di-antequera-entra-nella-fase-operativa-con-lavvio-dei-lavori-delle-prime-infrastrutture-logistiche\/#primaryimage\"},\"thumbnailUrl\":\"https:\/\/groupeidec-international.com\/wp-content\/uploads\/2026\/04\/Image-61.jpg\",\"keywords\":[\"Spagna\"],\"articleSection\":[\"Eventi\",\"Progetto\"],\"inLanguage\":\"it-IT\"},{\"@type\":\"WebPage\",\"@id\":\"https:\/\/groupeidec-international.com\/it\/il-puerto-seco-di-antequera-entra-nella-fase-operativa-con-lavvio-dei-lavori-delle-prime-infrastrutture-logistiche\/\",\"url\":\"https:\/\/groupeidec-international.com\/it\/il-puerto-seco-di-antequera-entra-nella-fase-operativa-con-lavvio-dei-lavori-delle-prime-infrastrutture-logistiche\/\",\"name\":\"Il Puerto Seco di Antequera entra nella fase operativa con l\u2019avvio dei lavori delle prime infrastrutture logistiche - GROUPE IDEC INTERNATIONAL\",\"isPartOf\":{\"@id\":\"https:\/\/groupeidec-international.com\/it\/#website\"},\"primaryImageOfPage\":{\"@id\":\"https:\/\/groupeidec-international.com\/it\/il-puerto-seco-di-antequera-entra-nella-fase-operativa-con-lavvio-dei-lavori-delle-prime-infrastrutture-logistiche\/#primaryimage\"},\"image\":{\"@id\":\"https:\/\/groupeidec-international.com\/it\/il-puerto-seco-di-antequera-entra-nella-fase-operativa-con-lavvio-dei-lavori-delle-prime-infrastrutture-logistiche\/#primaryimage\"},\"thumbnailUrl\":\"https:\/\/groupeidec-international.com\/wp-content\/uploads\/2026\/04\/Image-61.jpg\",\"datePublished\":\"2026-04-22T08:54:15+00:00\",\"dateModified\":\"2026-04-22T08:54:16+00:00\",\"breadcrumb\":{\"@id\":\"https:\/\/groupeidec-international.com\/it\/il-puerto-seco-di-antequera-entra-nella-fase-operativa-con-lavvio-dei-lavori-delle-prime-infrastrutture-logistiche\/#breadcrumb\"},\"inLanguage\":\"it-IT\",\"potentialAction\":[{\"@type\":\"ReadAction\",\"target\":[\"https:\/\/groupeidec-international.com\/it\/il-puerto-seco-di-antequera-entra-nella-fase-operativa-con-lavvio-dei-lavori-delle-prime-infrastrutture-logistiche\/\"]}]},{\"@type\":\"ImageObject\",\"inLanguage\":\"it-IT\",\"@id\":\"https:\/\/groupeidec-international.com\/it\/il-puerto-seco-di-antequera-entra-nella-fase-operativa-con-lavvio-dei-lavori-delle-prime-infrastrutture-logistiche\/#primaryimage\",\"url\":\"https:\/\/groupeidec-international.com\/wp-content\/uploads\/2026\/04\/Image-61.jpg\",\"contentUrl\":\"https:\/\/groupeidec-international.com\/wp-content\/uploads\/2026\/04\/Image-61.jpg\",\"width\":1489,\"height\":837,\"caption\":\"Puerto Seco de Antequera d\u00e9but travaux\"},{\"@type\":\"BreadcrumbList\",\"@id\":\"https:\/\/groupeidec-international.com\/it\/il-puerto-seco-di-antequera-entra-nella-fase-operativa-con-lavvio-dei-lavori-delle-prime-infrastrutture-logistiche\/#breadcrumb\",\"itemListElement\":[{\"@type\":\"ListItem\",\"position\":1,\"name\":\"Home page\",\"item\":\"https:\/\/groupeidec-international.com\/it\/\"},{\"@type\":\"ListItem\",\"position\":2,\"name\":\"Eventi\",\"item\":\"https:\/\/groupeidec-international.com\/it\/category\/evenement-it\/\"},{\"@type\":\"ListItem\",\"position\":3,\"name\":\"Il Puerto Seco di Antequera entra nella fase operativa con l\u2019avvio dei lavori delle prime infrastrutture logistiche\"}]},{\"@type\":\"WebSite\",\"@id\":\"https:\/\/groupeidec-international.com\/it\/#website\",\"url\":\"https:\/\/groupeidec-international.com\/it\/\",\"name\":\"GROUPE IDEC INTERNATIONAL\",\"description\":\"\",\"publisher\":{\"@id\":\"https:\/\/groupeidec-international.com\/it\/#organization\"},\"potentialAction\":[{\"@type\":\"SearchAction\",\"target\":{\"@type\":\"EntryPoint\",\"urlTemplate\":\"https:\/\/groupeidec-international.com\/it\/?s={search_term_string}\"},\"query-input\":{\"@type\":\"PropertyValueSpecification\",\"valueRequired\":true,\"valueName\":\"search_term_string\"}}],\"inLanguage\":\"it-IT\"},{\"@type\":\"Organization\",\"@id\":\"https:\/\/groupeidec-international.com\/it\/#organization\",\"name\":\"GROUPE IDEC INTERNATIONAL\",\"url\":\"https:\/\/groupeidec-international.com\/it\/\",\"logo\":{\"@type\":\"ImageObject\",\"inLanguage\":\"it-IT\",\"@id\":\"https:\/\/groupeidec-international.com\/it\/#\/schema\/logo\/image\/\",\"url\":\"https:\/\/groupeidec-international.com\/wp-content\/uploads\/2024\/04\/logo_groupe-idec-international_black_175x75.png\",\"contentUrl\":\"https:\/\/groupeidec-international.com\/wp-content\/uploads\/2024\/04\/logo_groupe-idec-international_black_175x75.png\",\"width\":175,\"height\":75,\"caption\":\"GROUPE IDEC INTERNATIONAL\"},\"image\":{\"@id\":\"https:\/\/groupeidec-international.com\/it\/#\/schema\/logo\/image\/\"},\"sameAs\":[\"https:\/\/www.linkedin.com\/company\/idec-group-iberica\/\"]},{\"@type\":\"Person\",\"@id\":\"https:\/\/groupeidec-international.com\/it\/#\/schema\/person\/dd31ecb9878d7d14fa8dd15446870654\",\"name\":\"Philippine Deluol\",\"image\":{\"@type\":\"ImageObject\",\"inLanguage\":\"it-IT\",\"@id\":\"https:\/\/secure.gravatar.com\/avatar\/2f6baecdd7af951c5a3ff97da47e90a59734a500b04859fb93a50438efbfa574?s=96&d=mm&r=g\",\"url\":\"https:\/\/secure.gravatar.com\/avatar\/2f6baecdd7af951c5a3ff97da47e90a59734a500b04859fb93a50438efbfa574?s=96&d=mm&r=g\",\"contentUrl\":\"https:\/\/secure.gravatar.com\/avatar\/2f6baecdd7af951c5a3ff97da47e90a59734a500b04859fb93a50438efbfa574?s=96&d=mm&r=g\",\"caption\":\"Philippine Deluol\"}}]}<\/script>\n<!-- \/ Yoast SEO plugin. -->","yoast_head_json":{"title":"Il Puerto Seco di Antequera entra nella fase operativa con l\u2019avvio dei lavori delle prime infrastrutture logistiche - GROUPE IDEC INTERNATIONAL","robots":{"index":"index","follow":"follow","max-snippet":"max-snippet:-1","max-image-preview":"max-image-preview:large","max-video-preview":"max-video-preview:-1"},"canonical":"https:\/\/groupeidec-international.com\/it\/il-puerto-seco-di-antequera-entra-nella-fase-operativa-con-lavvio-dei-lavori-delle-prime-infrastrutture-logistiche\/","og_locale":"it_IT","og_type":"article","og_title":"Il Puerto Seco di Antequera entra nella fase operativa con l\u2019avvio dei lavori delle prime infrastrutture logistiche - GROUPE IDEC INTERNATIONAL","og_description":"Il Puerto Seco di Antequera raggiunge una tappa fondamentale del suo sviluppo con l\u2019avvio dei lavori delle prime infrastrutture logistiche sul sito. Questo progresso segna l\u2019ingresso del progetto nella sua...","og_url":"https:\/\/groupeidec-international.com\/it\/il-puerto-seco-di-antequera-entra-nella-fase-operativa-con-lavvio-dei-lavori-delle-prime-infrastrutture-logistiche\/","og_site_name":"GROUPE IDEC INTERNATIONAL","article_published_time":"2026-04-22T08:54:15+00:00","article_modified_time":"2026-04-22T08:54:16+00:00","og_image":[{"width":1489,"height":837,"url":"https:\/\/groupeidec-international.com\/wp-content\/uploads\/2026\/04\/Image-61.jpg","type":"image\/jpeg"}],"author":"Philippine Deluol","twitter_card":"summary_large_image","twitter_misc":{"Scritto da":"Philippine Deluol","Tempo di lettura stimato":"3 minuti"},"schema":{"@context":"https:\/\/schema.org","@graph":[{"@type":"Article","@id":"https:\/\/groupeidec-international.com\/it\/il-puerto-seco-di-antequera-entra-nella-fase-operativa-con-lavvio-dei-lavori-delle-prime-infrastrutture-logistiche\/#article","isPartOf":{"@id":"https:\/\/groupeidec-international.com\/it\/il-puerto-seco-di-antequera-entra-nella-fase-operativa-con-lavvio-dei-lavori-delle-prime-infrastrutture-logistiche\/"},"author":{"name":"Philippine Deluol","@id":"https:\/\/groupeidec-international.com\/it\/#\/schema\/person\/dd31ecb9878d7d14fa8dd15446870654"},"headline":"Il Puerto Seco di Antequera entra nella fase operativa con l\u2019avvio dei lavori delle prime infrastrutture logistiche","datePublished":"2026-04-22T08:54:15+00:00","dateModified":"2026-04-22T08:54:16+00:00","mainEntityOfPage":{"@id":"https:\/\/groupeidec-international.com\/it\/il-puerto-seco-di-antequera-entra-nella-fase-operativa-con-lavvio-dei-lavori-delle-prime-infrastrutture-logistiche\/"},"wordCount":416,"publisher":{"@id":"https:\/\/groupeidec-international.com\/it\/#organization"},"image":{"@id":"https:\/\/groupeidec-international.com\/it\/il-puerto-seco-di-antequera-entra-nella-fase-operativa-con-lavvio-dei-lavori-delle-prime-infrastrutture-logistiche\/#primaryimage"},"thumbnailUrl":"https:\/\/groupeidec-international.com\/wp-content\/uploads\/2026\/04\/Image-61.jpg","keywords":["Spagna"],"articleSection":["Eventi","Progetto"],"inLanguage":"it-IT"},{"@type":"WebPage","@id":"https:\/\/groupeidec-international.com\/it\/il-puerto-seco-di-antequera-entra-nella-fase-operativa-con-lavvio-dei-lavori-delle-prime-infrastrutture-logistiche\/","url":"https:\/\/groupeidec-international.com\/it\/il-puerto-seco-di-antequera-entra-nella-fase-operativa-con-lavvio-dei-lavori-delle-prime-infrastrutture-logistiche\/","name":"Il Puerto Seco di Antequera entra nella fase operativa con l\u2019avvio dei lavori delle prime infrastrutture logistiche - GROUPE IDEC INTERNATIONAL","isPartOf":{"@id":"https:\/\/groupeidec-international.com\/it\/#website"},"primaryImageOfPage":{"@id":"https:\/\/groupeidec-international.com\/it\/il-puerto-seco-di-antequera-entra-nella-fase-operativa-con-lavvio-dei-lavori-delle-prime-infrastrutture-logistiche\/#primaryimage"},"image":{"@id":"https:\/\/groupeidec-international.com\/it\/il-puerto-seco-di-antequera-entra-nella-fase-operativa-con-lavvio-dei-lavori-delle-prime-infrastrutture-logistiche\/#primaryimage"},"thumbnailUrl":"https:\/\/groupeidec-international.com\/wp-content\/uploads\/2026\/04\/Image-61.jpg","datePublished":"2026-04-22T08:54:15+00:00","dateModified":"2026-04-22T08:54:16+00:00","breadcrumb":{"@id":"https:\/\/groupeidec-international.com\/it\/il-puerto-seco-di-antequera-entra-nella-fase-operativa-con-lavvio-dei-lavori-delle-prime-infrastrutture-logistiche\/#breadcrumb"},"inLanguage":"it-IT","potentialAction":[{"@type":"ReadAction","target":["https:\/\/groupeidec-international.com\/it\/il-puerto-seco-di-antequera-entra-nella-fase-operativa-con-lavvio-dei-lavori-delle-prime-infrastrutture-logistiche\/"]}]},{"@type":"ImageObject","inLanguage":"it-IT","@id":"https:\/\/groupeidec-international.com\/it\/il-puerto-seco-di-antequera-entra-nella-fase-operativa-con-lavvio-dei-lavori-delle-prime-infrastrutture-logistiche\/#primaryimage","url":"https:\/\/groupeidec-international.com\/wp-content\/uploads\/2026\/04\/Image-61.jpg","contentUrl":"https:\/\/groupeidec-international.com\/wp-content\/uploads\/2026\/04\/Image-61.jpg","width":1489,"height":837,"caption":"Puerto Seco de Antequera d\u00e9but travaux"},{"@type":"BreadcrumbList","@id":"https:\/\/groupeidec-international.com\/it\/il-puerto-seco-di-antequera-entra-nella-fase-operativa-con-lavvio-dei-lavori-delle-prime-infrastrutture-logistiche\/#breadcrumb","itemListElement":[{"@type":"ListItem","position":1,"name":"Home page","item":"https:\/\/groupeidec-international.com\/it\/"},{"@type":"ListItem","position":2,"name":"Eventi","item":"https:\/\/groupeidec-international.com\/it\/category\/evenement-it\/"},{"@type":"ListItem","position":3,"name":"Il Puerto Seco di Antequera entra nella fase operativa con l\u2019avvio dei lavori delle prime infrastrutture logistiche"}]},{"@type":"WebSite","@id":"https:\/\/groupeidec-international.com\/it\/#website","url":"https:\/\/groupeidec-international.com\/it\/","name":"GROUPE IDEC INTERNATIONAL","description":"","publisher":{"@id":"https:\/\/groupeidec-international.com\/it\/#organization"},"potentialAction":[{"@type":"SearchAction","target":{"@type":"EntryPoint","urlTemplate":"https:\/\/groupeidec-international.com\/it\/?s={search_term_string}"},"query-input":{"@type":"PropertyValueSpecification","valueRequired":true,"valueName":"search_term_string"}}],"inLanguage":"it-IT"},{"@type":"Organization","@id":"https:\/\/groupeidec-international.com\/it\/#organization","name":"GROUPE IDEC INTERNATIONAL","url":"https:\/\/groupeidec-international.com\/it\/","logo":{"@type":"ImageObject","inLanguage":"it-IT","@id":"https:\/\/groupeidec-international.com\/it\/#\/schema\/logo\/image\/","url":"https:\/\/groupeidec-international.com\/wp-content\/uploads\/2024\/04\/logo_groupe-idec-international_black_175x75.png","contentUrl":"https:\/\/groupeidec-international.com\/wp-content\/uploads\/2024\/04\/logo_groupe-idec-international_black_175x75.png","width":175,"height":75,"caption":"GROUPE IDEC INTERNATIONAL"},"image":{"@id":"https:\/\/groupeidec-international.com\/it\/#\/schema\/logo\/image\/"},"sameAs":["https:\/\/www.linkedin.com\/company\/idec-group-iberica\/"]},{"@type":"Person","@id":"https:\/\/groupeidec-international.com\/it\/#\/schema\/person\/dd31ecb9878d7d14fa8dd15446870654","name":"Philippine Deluol","image":{"@type":"ImageObject","inLanguage":"it-IT","@id":"https:\/\/secure.gravatar.com\/avatar\/2f6baecdd7af951c5a3ff97da47e90a59734a500b04859fb93a50438efbfa574?s=96&d=mm&r=g","url":"https:\/\/secure.gravatar.com\/avatar\/2f6baecdd7af951c5a3ff97da47e90a59734a500b04859fb93a50438efbfa574?s=96&d=mm&r=g","contentUrl":"https:\/\/secure.gravatar.com\/avatar\/2f6baecdd7af951c5a3ff97da47e90a59734a500b04859fb93a50438efbfa574?s=96&d=mm&r=g","caption":"Philippine Deluol"}}]}},"_links":{"self":[{"href":"https:\/\/groupeidec-international.com\/it\/wp-json\/wp\/v2\/posts\/9432","targetHints":{"allow":["GET"]}}],"collection":[{"href":"https:\/\/groupeidec-international.com\/it\/wp-json\/wp\/v2\/posts"}],"about":[{"href":"https:\/\/groupeidec-international.com\/it\/wp-json\/wp\/v2\/types\/post"}],"author":[{"embeddable":true,"href":"https:\/\/groupeidec-international.com\/it\/wp-json\/wp\/v2\/users\/5"}],"replies":[{"embeddable":true,"href":"https:\/\/groupeidec-international.com\/it\/wp-json\/wp\/v2\/comments?post=9432"}],"version-history":[{"count":1,"href":"https:\/\/groupeidec-international.com\/it\/wp-json\/wp\/v2\/posts\/9432\/revisions"}],"predecessor-version":[{"id":9433,"href":"https:\/\/groupeidec-international.com\/it\/wp-json\/wp\/v2\/posts\/9432\/revisions\/9433"}],"wp:featuredmedia":[{"embeddable":true,"href":"https:\/\/groupeidec-international.com\/it\/wp-json\/wp\/v2\/media\/9425"}],"wp:attachment":[{"href":"https:\/\/groupeidec-international.com\/it\/wp-json\/wp\/v2\/media?parent=9432"}],"wp:term":[{"taxonomy":"category","embeddable":true,"href":"https:\/\/groupeidec-international.com\/it\/wp-json\/wp\/v2\/categories?post=9432"},{"taxonomy":"post_tag","embeddable":true,"href":"https:\/\/groupeidec-international.com\/it\/wp-json\/wp\/v2\/tags?post=9432"}],"curies":[{"name":"wp","href":"https:\/\/api.w.org\/{rel}","templated":true}]}}